{"id":947,"date":"2012-09-15T23:13:39","date_gmt":"2012-09-15T22:13:39","guid":{"rendered":"https:\/\/culturefoodblog.de\/?p=947"},"modified":"2016-08-14T16:55:34","modified_gmt":"2016-08-14T14:55:34","slug":"portugal-2012","status":"publish","type":"post","link":"https:\/\/culturefoodblog.de\/en\/portugal-2012\/","title":{"rendered":"Portugal 2012"},"content":{"rendered":"<p><a href=\"https:\/\/culturefoodblog.de\/wp-content\/uploads\/2012\/09\/portugal1.jpg\"><img decoding=\"async\" class=\"lazyload alignnone size-full wp-image-948\" title=\"portugal1\" src=\"data:image\/svg+xml,%3Csvg%20xmlns%3D%27http%3A%2F%2Fwww.w3.org%2F2000%2Fsvg%27%20width%3D%27578%27%20height%3D%27394%27%20viewBox%3D%270%200%20578%20394%27%3E%3Crect%20width%3D%27578%27%20height%3D%27394%27%20fill-opacity%3D%220%22%2F%3E%3C%2Fsvg%3E\" data-orig-src=\"https:\/\/culturefoodblog.de\/wp-content\/uploads\/2012\/09\/portugal1.jpg\" alt=\"\" width=\"578\" height=\"394\" \/><\/a><\/p>\n<p>&nbsp;<\/p>\n<p>Ich komme gerade zur\u00fcck von einer wunderbaren Reise, die mich von Porto \u00fcber Lissabon und Setubal an die Algarve, nach Lagos und weiter an die kleine Bucht von Monte Cleric\u00f3 f\u00fchrte. Viel brauchte es in diesem Sommer nicht: Ich hatte im vergangenen Jahr ein handgeschriebenes Papier mit dem Hinweis \u201eFor Rent\u201c im Fenster eines kleinen Strandhauses entdeckt, die dazu geh\u00f6rende Telefonnummer notiert und die bescheidene Unterkunft f\u00fcr die Familie und mich gemietet.<\/p>\n<p>&nbsp;<\/p>\n<p><a href=\"https:\/\/culturefoodblog.de\/wp-content\/uploads\/2012\/09\/portugal2.jpg\"><img decoding=\"async\" class=\"lazyload alignnone size-full wp-image-949\" title=\"portugal2\" src=\"data:image\/svg+xml,%3Csvg%20xmlns%3D%27http%3A%2F%2Fwww.w3.org%2F2000%2Fsvg%27%20width%3D%27578%27%20height%3D%27394%27%20viewBox%3D%270%200%20578%20394%27%3E%3Crect%20width%3D%27578%27%20height%3D%27394%27%20fill-opacity%3D%220%22%2F%3E%3C%2Fsvg%3E\" data-orig-src=\"https:\/\/culturefoodblog.de\/wp-content\/uploads\/2012\/09\/portugal2.jpg\" alt=\"\" width=\"578\" height=\"394\" \/><\/a><\/p>\n<p>&nbsp;<\/p>\n<p>Uns war klar, dass nicht nur klamme und knarzende Betten auf uns warten w\u00fcrden, sondern auch durchgelegene Matratzen, feuchtes Mauerwerk und eine spartanisch eingerichtete K\u00fcche. Aber es gab Strom, einen funktionsf\u00e4higen K\u00fchlschrank, um die Literflaschen Sagres-Bier und Vinho Verde zu k\u00fchlen, t\u00e4glich fangfrischen Fisch oder Meeresfr\u00fcchte, einen kleinen Supermarkt f\u00fcr das N\u00f6tigste in Laufn\u00e4he und einen kleinen Grill auf der Terrasse. Eine ideale Unterkunft also, um die Sinne wieder einmal f\u00fcr das Wesentliche zu sch\u00e4rfen. (Man k\u00f6nnte sich hier auch gut zur\u00fcckziehen, um ein Buch zu schreiben.) Das Beste aber war der Ausblick: Ab 17 Uhr, wenn der starke Westwind auch die letzten Touristen vertrieben hatte, genossen wir eine grandiose Sicht auf das Meer und die menschenleere Bucht. Und Nachts h\u00f6rte man keine Mopeds, keine gr\u00f6lenden Touristenhoren und keine knallenden Zimmert\u00fcren sondern nur die Grillen und das Rauschen den Meeres. Hmmmm.\u00a0Zwei Wochen Auszeit von High-Tech und Terminstress und zwei Wochen, die wir alle dringend brauchten&#8230;<\/p>\n<p>&nbsp;<\/p>\n<p><a href=\"https:\/\/culturefoodblog.de\/wp-content\/uploads\/2012\/09\/portugal.jpg\"><img decoding=\"async\" class=\"lazyload alignnone size-full wp-image-950\" title=\"portugal\" src=\"data:image\/svg+xml,%3Csvg%20xmlns%3D%27http%3A%2F%2Fwww.w3.org%2F2000%2Fsvg%27%20width%3D%27578%27%20height%3D%27394%27%20viewBox%3D%270%200%20578%20394%27%3E%3Crect%20width%3D%27578%27%20height%3D%27394%27%20fill-opacity%3D%220%22%2F%3E%3C%2Fsvg%3E\" data-orig-src=\"https:\/\/culturefoodblog.de\/wp-content\/uploads\/2012\/09\/portugal.jpg\" alt=\"\" width=\"578\" height=\"394\" \/><\/a><\/p>\n<p><a href=\"https:\/\/culturefoodblog.de\/wp-content\/uploads\/2012\/09\/portugal3.jpg\"><img decoding=\"async\" class=\"lazyload alignnone size-full wp-image-951\" title=\"portugal3\" src=\"data:image\/svg+xml,%3Csvg%20xmlns%3D%27http%3A%2F%2Fwww.w3.org%2F2000%2Fsvg%27%20width%3D%27578%27%20height%3D%27394%27%20viewBox%3D%270%200%20578%20394%27%3E%3Crect%20width%3D%27578%27%20height%3D%27394%27%20fill-opacity%3D%220%22%2F%3E%3C%2Fsvg%3E\" data-orig-src=\"https:\/\/culturefoodblog.de\/wp-content\/uploads\/2012\/09\/portugal3.jpg\" alt=\"\" width=\"578\" height=\"394\" \/><\/a><\/p>\n<p>&nbsp;<\/p>\n<p>Erstaunlich und gleichzeitig beruhigend, dass Portugal \u2013 sieht man einmal von den Baus\u00fcnden an der Algarve ab \u2013 \u00fcber all die Jahrzehnte seinen Reiz f\u00fcr Besucher nicht verloren hat. Die Altstadt von Porto ist pulsierend, jung und l\u00e4ssig. Lissabon bleibt die unangetastete K\u00f6nigin am Tejo, ganz gleich ob man nur zum Genie\u00dfen und Shoppen kommt, oder um\u00a0auf den Spuren von\u00a0Pessoa, Saramago\u00a0und\u00a0Antunes zu wandeln und selbst an der Algarve findet man mit einem Qu\u00e4ntchen Pfadfindergeist\u00a0noch einsame Buchten, in denen die Zeit stehengeblieben ist.<\/p>\n<p>&nbsp;<\/p>\n<p><a href=\"https:\/\/culturefoodblog.de\/wp-content\/uploads\/2012\/09\/portugal4.jpg\"><img decoding=\"async\" class=\"lazyload alignnone size-full wp-image-952\" title=\"portugal4\" src=\"data:image\/svg+xml,%3Csvg%20xmlns%3D%27http%3A%2F%2Fwww.w3.org%2F2000%2Fsvg%27%20width%3D%27578%27%20height%3D%27394%27%20viewBox%3D%270%200%20578%20394%27%3E%3Crect%20width%3D%27578%27%20height%3D%27394%27%20fill-opacity%3D%220%22%2F%3E%3C%2Fsvg%3E\" data-orig-src=\"https:\/\/culturefoodblog.de\/wp-content\/uploads\/2012\/09\/portugal4.jpg\" alt=\"\" width=\"578\" height=\"394\" \/><\/a><\/p>\n<p><a href=\"https:\/\/culturefoodblog.de\/wp-content\/uploads\/2012\/09\/portugal5.jpg\"><img decoding=\"async\" class=\"lazyload alignnone size-full wp-image-953\" title=\"portugal5\" src=\"data:image\/svg+xml,%3Csvg%20xmlns%3D%27http%3A%2F%2Fwww.w3.org%2F2000%2Fsvg%27%20width%3D%27578%27%20height%3D%27394%27%20viewBox%3D%270%200%20578%20394%27%3E%3Crect%20width%3D%27578%27%20height%3D%27394%27%20fill-opacity%3D%220%22%2F%3E%3C%2Fsvg%3E\" data-orig-src=\"https:\/\/culturefoodblog.de\/wp-content\/uploads\/2012\/09\/portugal5.jpg\" alt=\"\" width=\"578\" height=\"394\" \/><\/a><\/p>\n<p><a href=\"https:\/\/culturefoodblog.de\/wp-content\/uploads\/2012\/09\/portugal6.jpg\"><img decoding=\"async\" class=\"lazyload alignnone size-full wp-image-954\" title=\"portugal6\" src=\"data:image\/svg+xml,%3Csvg%20xmlns%3D%27http%3A%2F%2Fwww.w3.org%2F2000%2Fsvg%27%20width%3D%27578%27%20height%3D%27394%27%20viewBox%3D%270%200%20578%20394%27%3E%3Crect%20width%3D%27578%27%20height%3D%27394%27%20fill-opacity%3D%220%22%2F%3E%3C%2Fsvg%3E\" data-orig-src=\"https:\/\/culturefoodblog.de\/wp-content\/uploads\/2012\/09\/portugal6.jpg\" alt=\"\" width=\"578\" height=\"394\" \/><\/a><\/p>\n<p><a href=\"https:\/\/culturefoodblog.de\/wp-content\/uploads\/2012\/09\/portugal9.jpg\"><img decoding=\"async\" class=\"lazyload alignnone size-full wp-image-955\" title=\"portugal9\" src=\"data:image\/svg+xml,%3Csvg%20xmlns%3D%27http%3A%2F%2Fwww.w3.org%2F2000%2Fsvg%27%20width%3D%27578%27%20height%3D%27394%27%20viewBox%3D%270%200%20578%20394%27%3E%3Crect%20width%3D%27578%27%20height%3D%27394%27%20fill-opacity%3D%220%22%2F%3E%3C%2Fsvg%3E\" data-orig-src=\"https:\/\/culturefoodblog.de\/wp-content\/uploads\/2012\/09\/portugal9.jpg\" alt=\"\" width=\"578\" height=\"394\" \/><\/a><\/p>\n<p><a href=\"https:\/\/culturefoodblog.de\/wp-content\/uploads\/2012\/09\/portugal7.jpg\"><img decoding=\"async\" class=\"lazyload alignnone size-full wp-image-956\" title=\"portugal7\" src=\"data:image\/svg+xml,%3Csvg%20xmlns%3D%27http%3A%2F%2Fwww.w3.org%2F2000%2Fsvg%27%20width%3D%27578%27%20height%3D%27394%27%20viewBox%3D%270%200%20578%20394%27%3E%3Crect%20width%3D%27578%27%20height%3D%27394%27%20fill-opacity%3D%220%22%2F%3E%3C%2Fsvg%3E\" data-orig-src=\"https:\/\/culturefoodblog.de\/wp-content\/uploads\/2012\/09\/portugal7.jpg\" alt=\"\" width=\"578\" height=\"394\" \/><\/a><\/p>\n<p>&nbsp;<\/p>\n<p><strong>Weitere Portugal-Fotos und Impressionen <a href=\"http:\/\/www.facebook.com\/media\/set\/?set=a.142269035919648.46861.100004096568868&amp;type=1\" target=\"_blank\">auf der Culture Food Facebook-Seite<\/a>\u00a0<\/strong><\/p>\n<p>&nbsp;<\/p>\n<p><strong>\u00a0Porto Tipps:<\/strong><\/p>\n<p>Unterk\u00fcnfte:<\/p>\n<p><a href=\"http:\/\/www.almadaguesthouse.com\/the-house\/\" target=\"_blank\">Almada Guest House<\/a><a href=\"\/en\/www.almadaguesthouse.com\/\" target=\"_blank\"><br \/>\n<\/a>frisch saniertes Altstadthaus im trendingen Altstadtviertel, das seit den 60er Jahren verlassen und jetzt wiederentdeckt wurde. Sch\u00f6ne, sensible Architektur, hohe R\u00e4ume, modern. Viele Sehensw\u00fcrdigkeiten zu Fu\u00df und innerhalb von 10-15 Minuten erreichbar. Metro 5 Minuten.<\/p>\n<p>Portweinkellereien:<\/p>\n<p>Eine der Kellereien nicht zu besuchen w\u00e4re wirklich frevelhaft. Doch ganz gleich, ob Sandemann, Dow\u2018s, Offley, Warre\u2018s, Cockburn oder Ferreira \u2013 das meiste am Douro Flussufer ist Touristennepp. Eine erfreuliche Ausnahme macht die Bodega Ramos Pinto, deren Qualit\u00e4t sich wohltuend von allem anderen abhebt.<br \/>\n<a href=\"http:\/\/www.ramospinto.pt\/visitas.aspx?ID=23 \" target=\"_blank\">Bodegas Ramos Pinto<\/a><\/p>\n<p><strong>Douro Tipps<\/strong>:<\/p>\n<p>Wer Zeit f\u00fcr einen Ausflug in die Anbaugebiete des Douro-Tals hat, dem empfehle ich die sehr exklusive <a href=\"http:\/\/www.quintadelarosa.com\/QuintaDeLaRosa_E.html\" target=\"_blank\">Quinta de la Rosa in Pinh\u00e2o<\/a><\/p>\n<p><strong>Lissabon Tipps:\u00a0<\/strong><\/p>\n<p>Unterk\u00fcnfte:<br \/>\n<a href=\"http:\/\/www.olissippohotels.com\/pt\/Grupo\/Hoteis-Olissippo\/Lapa-Palace\/O-Hotel.aspx\" target=\"_blank\">Lapa Palace<br \/>\n<\/a><a href=\"http:\/\/www.yorkhouselisboa.com\/yorkhouseUK.htm\" target=\"_blank\">York House<\/a><\/p>\n<p>Restaurants und Bars:<\/p>\n<p>Unter der Vielzahl von Restaurants sind mir besonders positiv aufgefallen:<\/p>\n<p><a href=\"http:\/\/www.sacramentodochiado.com\" target=\"_blank\">Restaurant Sacramento<\/a>, Baixa<br \/>\n<a href=\"http:\/\/www.artisbairroalto.blogspot.de\" target=\"_blank\">Artis Wine Bar<\/a>, Bairro Alto \u00a0(<a href=\"http:\/\/www.golisbon.com\/blog\/2010\/03\/22\/artis-lisbons-newest-wine-bar-is-one-of-its-oldest\/\" target=\"_blank\">Infos auch hier<\/a>)<\/p>\n<div><a href=\"https:\/\/culturefoodblog.de\/wp-content\/uploads\/2012\/09\/portugal11.jpg\"><img decoding=\"async\" class=\"lazyload alignnone size-full wp-image-960\" title=\"portugal11\" src=\"data:image\/svg+xml,%3Csvg%20xmlns%3D%27http%3A%2F%2Fwww.w3.org%2F2000%2Fsvg%27%20width%3D%27578%27%20height%3D%27394%27%20viewBox%3D%270%200%20578%20394%27%3E%3Crect%20width%3D%27578%27%20height%3D%27394%27%20fill-opacity%3D%220%22%2F%3E%3C%2Fsvg%3E\" data-orig-src=\"https:\/\/culturefoodblog.de\/wp-content\/uploads\/2012\/09\/portugal11.jpg\" alt=\"\" width=\"578\" height=\"394\" \/><\/a><\/div>","protected":false},"excerpt":{"rendered":"<p>&nbsp; Ich komme gerade zur\u00fcck von einer wunderbaren Reise, die mich von Porto \u00fcber Lissabon<\/p>","protected":false},"author":1,"featured_media":3793,"comment_status":"open","ping_status":"open","sticky":false,"template":"","format":"standard","meta":{"footnotes":""},"categories":[92],"tags":[],"class_list":["post-947","post","type-post","status-publish","format-standard","has-post-thumbnail","hentry","category-hotels"],"yoast_head":"<!-- This site is optimized with the Yoast SEO plugin v25.4 - https:\/\/yoast.com\/wordpress\/plugins\/seo\/ -->\n<title>Portugal 2012 - Culture Food Blog - Familie, Freunde &amp; Food<\/title>\n<meta name=\"robots\" content=\"index, follow, max-snippet:-1, max-image-preview:large, max-video-preview:-1\" \/>\n<link rel=\"canonical\" href=\"https:\/\/culturefoodblog.de\/en\/portugal-2012\/\" \/>\n<meta property=\"og:locale\" content=\"en_GB\" \/>\n<meta property=\"og:type\" content=\"article\" \/>\n<meta property=\"og:title\" content=\"Portugal 2012 - Culture Food Blog - Familie, Freunde &amp; Food\" \/>\n<meta property=\"og:description\" content=\"&nbsp; Ich komme gerade zur\u00fcck von einer wunderbaren Reise, die mich von Porto \u00fcber Lissabon\" \/>\n<meta property=\"og:url\" content=\"https:\/\/culturefoodblog.de\/en\/portugal-2012\/\" \/>\n<meta property=\"og:site_name\" content=\"Culture Food Blog - Familie, Freunde &amp; Food\" \/>\n<meta property=\"article:publisher\" content=\"https:\/\/www.facebook.com\/culturefoodblog\" \/>\n<meta property=\"article:published_time\" content=\"2012-09-15T22:13:39+00:00\" \/>\n<meta property=\"article:modified_time\" content=\"2016-08-14T14:55:34+00:00\" \/>\n<meta property=\"og:image\" content=\"https:\/\/culturefoodblog.de\/wp-content\/uploads\/2012\/09\/portugal7-1.jpg\" \/>\n\t<meta property=\"og:image:width\" content=\"578\" \/>\n\t<meta property=\"og:image:height\" content=\"394\" \/>\n\t<meta property=\"og:image:type\" content=\"image\/jpeg\" \/>\n<meta name=\"author\" content=\"Culture Foodblog\" \/>\n<meta name=\"twitter:card\" content=\"summary_large_image\" \/>\n<meta name=\"twitter:label1\" content=\"Written by\" \/>\n\t<meta name=\"twitter:data1\" content=\"Culture Foodblog\" \/>\n\t<meta name=\"twitter:label2\" content=\"Estimated reading time\" \/>\n\t<meta name=\"twitter:data2\" content=\"3 minutes\" \/>\n<script type=\"application\/ld+json\" class=\"yoast-schema-graph\">{\"@context\":\"https:\/\/schema.org\",\"@graph\":[{\"@type\":\"WebPage\",\"@id\":\"https:\/\/culturefoodblog.de\/portugal-2012\/\",\"url\":\"https:\/\/culturefoodblog.de\/portugal-2012\/\",\"name\":\"Portugal 2012 - Culture Food Blog - Familie, Freunde &amp; Food\",\"isPartOf\":{\"@id\":\"https:\/\/culturefoodblog.de\/#website\"},\"primaryImageOfPage\":{\"@id\":\"https:\/\/culturefoodblog.de\/portugal-2012\/#primaryimage\"},\"image\":{\"@id\":\"https:\/\/culturefoodblog.de\/portugal-2012\/#primaryimage\"},\"thumbnailUrl\":\"https:\/\/culturefoodblog.de\/wp-content\/uploads\/2012\/09\/portugal7-1.jpg\",\"datePublished\":\"2012-09-15T22:13:39+00:00\",\"dateModified\":\"2016-08-14T14:55:34+00:00\",\"author\":{\"@id\":\"https:\/\/culturefoodblog.de\/#\/schema\/person\/9110d3d09672230ca0f3ec895f04e4a1\"},\"breadcrumb\":{\"@id\":\"https:\/\/culturefoodblog.de\/portugal-2012\/#breadcrumb\"},\"inLanguage\":\"en-GB\",\"potentialAction\":[{\"@type\":\"ReadAction\",\"target\":[\"https:\/\/culturefoodblog.de\/portugal-2012\/\"]}]},{\"@type\":\"ImageObject\",\"inLanguage\":\"en-GB\",\"@id\":\"https:\/\/culturefoodblog.de\/portugal-2012\/#primaryimage\",\"url\":\"https:\/\/culturefoodblog.de\/wp-content\/uploads\/2012\/09\/portugal7-1.jpg\",\"contentUrl\":\"https:\/\/culturefoodblog.de\/wp-content\/uploads\/2012\/09\/portugal7-1.jpg\",\"width\":578,\"height\":394},{\"@type\":\"BreadcrumbList\",\"@id\":\"https:\/\/culturefoodblog.de\/portugal-2012\/#breadcrumb\",\"itemListElement\":[{\"@type\":\"ListItem\",\"position\":1,\"name\":\"Startseite\",\"item\":\"https:\/\/culturefoodblog.de\/\"},{\"@type\":\"ListItem\",\"position\":2,\"name\":\"Portugal 2012\"}]},{\"@type\":\"WebSite\",\"@id\":\"https:\/\/culturefoodblog.de\/#website\",\"url\":\"https:\/\/culturefoodblog.de\/\",\"name\":\"Culture Food Blog - Familie, Freunde & Food\",\"description\":\"Ein kulinarisches Tagebuch f\u00fcr Genie\u00dfer\",\"potentialAction\":[{\"@type\":\"SearchAction\",\"target\":{\"@type\":\"EntryPoint\",\"urlTemplate\":\"https:\/\/culturefoodblog.de\/?s={search_term_string}\"},\"query-input\":{\"@type\":\"PropertyValueSpecification\",\"valueRequired\":true,\"valueName\":\"search_term_string\"}}],\"inLanguage\":\"en-GB\"},{\"@type\":\"Person\",\"@id\":\"https:\/\/culturefoodblog.de\/#\/schema\/person\/9110d3d09672230ca0f3ec895f04e4a1\",\"name\":\"Culture Foodblog\",\"url\":\"https:\/\/culturefoodblog.de\/en\/author\/culturefood\/\"}]}<\/script>\n<!-- \/ Yoast SEO plugin. -->","yoast_head_json":{"title":"Portugal 2012 - Culture Food Blog - Familie, Freunde &amp; Food","robots":{"index":"index","follow":"follow","max-snippet":"max-snippet:-1","max-image-preview":"max-image-preview:large","max-video-preview":"max-video-preview:-1"},"canonical":"https:\/\/culturefoodblog.de\/en\/portugal-2012\/","og_locale":"en_GB","og_type":"article","og_title":"Portugal 2012 - Culture Food Blog - Familie, Freunde &amp; Food","og_description":"&nbsp; Ich komme gerade zur\u00fcck von einer wunderbaren Reise, die mich von Porto \u00fcber Lissabon","og_url":"https:\/\/culturefoodblog.de\/en\/portugal-2012\/","og_site_name":"Culture Food Blog - Familie, Freunde &amp; Food","article_publisher":"https:\/\/www.facebook.com\/culturefoodblog","article_published_time":"2012-09-15T22:13:39+00:00","article_modified_time":"2016-08-14T14:55:34+00:00","og_image":[{"width":578,"height":394,"url":"https:\/\/culturefoodblog.de\/wp-content\/uploads\/2012\/09\/portugal7-1.jpg","type":"image\/jpeg"}],"author":"Culture Foodblog","twitter_card":"summary_large_image","twitter_misc":{"Written by":"Culture Foodblog","Estimated reading time":"3 minutes"},"schema":{"@context":"https:\/\/schema.org","@graph":[{"@type":"WebPage","@id":"https:\/\/culturefoodblog.de\/portugal-2012\/","url":"https:\/\/culturefoodblog.de\/portugal-2012\/","name":"Portugal 2012 - Culture Food Blog - Familie, Freunde &amp; Food","isPartOf":{"@id":"https:\/\/culturefoodblog.de\/#website"},"primaryImageOfPage":{"@id":"https:\/\/culturefoodblog.de\/portugal-2012\/#primaryimage"},"image":{"@id":"https:\/\/culturefoodblog.de\/portugal-2012\/#primaryimage"},"thumbnailUrl":"https:\/\/culturefoodblog.de\/wp-content\/uploads\/2012\/09\/portugal7-1.jpg","datePublished":"2012-09-15T22:13:39+00:00","dateModified":"2016-08-14T14:55:34+00:00","author":{"@id":"https:\/\/culturefoodblog.de\/#\/schema\/person\/9110d3d09672230ca0f3ec895f04e4a1"},"breadcrumb":{"@id":"https:\/\/culturefoodblog.de\/portugal-2012\/#breadcrumb"},"inLanguage":"en-GB","potentialAction":[{"@type":"ReadAction","target":["https:\/\/culturefoodblog.de\/portugal-2012\/"]}]},{"@type":"ImageObject","inLanguage":"en-GB","@id":"https:\/\/culturefoodblog.de\/portugal-2012\/#primaryimage","url":"https:\/\/culturefoodblog.de\/wp-content\/uploads\/2012\/09\/portugal7-1.jpg","contentUrl":"https:\/\/culturefoodblog.de\/wp-content\/uploads\/2012\/09\/portugal7-1.jpg","width":578,"height":394},{"@type":"BreadcrumbList","@id":"https:\/\/culturefoodblog.de\/portugal-2012\/#breadcrumb","itemListElement":[{"@type":"ListItem","position":1,"name":"Startseite","item":"https:\/\/culturefoodblog.de\/"},{"@type":"ListItem","position":2,"name":"Portugal 2012"}]},{"@type":"WebSite","@id":"https:\/\/culturefoodblog.de\/#website","url":"https:\/\/culturefoodblog.de\/","name":"Culture Food Blog - Familie, Freunde & Food","description":"Ein kulinarisches Tagebuch f\u00fcr Genie\u00dfer","potentialAction":[{"@type":"SearchAction","target":{"@type":"EntryPoint","urlTemplate":"https:\/\/culturefoodblog.de\/?s={search_term_string}"},"query-input":{"@type":"PropertyValueSpecification","valueRequired":true,"valueName":"search_term_string"}}],"inLanguage":"en-GB"},{"@type":"Person","@id":"https:\/\/culturefoodblog.de\/#\/schema\/person\/9110d3d09672230ca0f3ec895f04e4a1","name":"Culture Foodblog","url":"https:\/\/culturefoodblog.de\/en\/author\/culturefood\/"}]}},"_links":{"self":[{"href":"https:\/\/culturefoodblog.de\/en\/wp-json\/wp\/v2\/posts\/947","targetHints":{"allow":["GET"]}}],"collection":[{"href":"https:\/\/culturefoodblog.de\/en\/wp-json\/wp\/v2\/posts"}],"about":[{"href":"https:\/\/culturefoodblog.de\/en\/wp-json\/wp\/v2\/types\/post"}],"author":[{"embeddable":true,"href":"https:\/\/culturefoodblog.de\/en\/wp-json\/wp\/v2\/users\/1"}],"replies":[{"embeddable":true,"href":"https:\/\/culturefoodblog.de\/en\/wp-json\/wp\/v2\/comments?post=947"}],"version-history":[{"count":2,"href":"https:\/\/culturefoodblog.de\/en\/wp-json\/wp\/v2\/posts\/947\/revisions"}],"predecessor-version":[{"id":3794,"href":"https:\/\/culturefoodblog.de\/en\/wp-json\/wp\/v2\/posts\/947\/revisions\/3794"}],"wp:featuredmedia":[{"embeddable":true,"href":"https:\/\/culturefoodblog.de\/en\/wp-json\/wp\/v2\/media\/3793"}],"wp:attachment":[{"href":"https:\/\/culturefoodblog.de\/en\/wp-json\/wp\/v2\/media?parent=947"}],"wp:term":[{"taxonomy":"category","embeddable":true,"href":"https:\/\/culturefoodblog.de\/en\/wp-json\/wp\/v2\/categories?post=947"},{"taxonomy":"post_tag","embeddable":true,"href":"https:\/\/culturefoodblog.de\/en\/wp-json\/wp\/v2\/tags?post=947"}],"curies":[{"name":"wp","href":"https:\/\/api.w.org\/{rel}","templated":true}]}}