{"id":812,"date":"2016-09-07T10:19:07","date_gmt":"2016-09-07T08:19:07","guid":{"rendered":"https:\/\/culturefoodblog.de\/?p=812"},"modified":"2017-08-06T15:31:49","modified_gmt":"2017-08-06T13:31:49","slug":"lammcarree-im-krautermantel","status":"publish","type":"post","link":"https:\/\/culturefoodblog.de\/en\/lammcarree-im-krautermantel\/","title":{"rendered":"Lammcarr\u00e9 im Kr\u00e4utermantel"},"content":{"rendered":"<h4>Zugegeben, das ist kein wirklich neues Rezept: Carr\u00e9 oder\u00a0Lammsattel im Kr\u00e4utermantel.\u00a0Man findet es in den unterschiedlichsten Variationen. Mit Sch\u00e4umchen oder ohne; sogar mit Ketchup oder Sojasauce. Kochb\u00fccher, Zeitschriften und Rezeptblogs sind voll davon.<\/h4>\n<p>&nbsp;<\/p>\n<p><a href=\"https:\/\/culturefoodblog.de\/wp-content\/uploads\/2016\/09\/lammcarree_cf2.jpg\"><img decoding=\"async\" class=\"lazyload alignnone size-full wp-image-5354\" src=\"https:\/\/culturefoodblog.de\/wp-content\/uploads\/2016\/09\/lammcarree_cf2.jpg\" data-orig-src=\"https:\/\/culturefoodblog.de\/wp-content\/uploads\/2016\/09\/lammcarree_cf2.jpg\" alt=\"lammcarree_cf2\" width=\"1500\" height=\"1023\" srcset=\"data:image\/svg+xml,%3Csvg%20xmlns%3D%27http%3A%2F%2Fwww.w3.org%2F2000%2Fsvg%27%20width%3D%271500%27%20height%3D%271023%27%20viewBox%3D%270%200%201500%201023%27%3E%3Crect%20width%3D%271500%27%20height%3D%271023%27%20fill-opacity%3D%220%22%2F%3E%3C%2Fsvg%3E\" data-srcset=\"https:\/\/culturefoodblog.de\/wp-content\/uploads\/2016\/09\/lammcarree_cf2-300x205.jpg 300w, https:\/\/culturefoodblog.de\/wp-content\/uploads\/2016\/09\/lammcarree_cf2-600x409.jpg 600w, https:\/\/culturefoodblog.de\/wp-content\/uploads\/2016\/09\/lammcarree_cf2-768x524.jpg 768w, https:\/\/culturefoodblog.de\/wp-content\/uploads\/2016\/09\/lammcarree_cf2-1024x698.jpg 1024w, https:\/\/culturefoodblog.de\/wp-content\/uploads\/2016\/09\/lammcarree_cf2.jpg 1500w\" data-sizes=\"auto\" data-orig-sizes=\"(max-width: 1500px) 100vw, 1500px\" \/><\/a><\/p>\n<p>&nbsp;<\/p>\n<p>Dennoch, oder gerade deshalb! Dieses Rezept\u00a0ist bodenst\u00e4ndig, ehrlich und delikat\u00a0zugleich. Durch und durch\u00a0<em>old school<\/em>, ein Klassiker, ein Solit\u00e4r, der aus einer Zeit stammt, als in Restaurants noch\u00a0K\u00f6stlichkeiten wie Hummercocktail, Ragout fin, Chateaubriand oder Tournedos Rossini serviert wurden.<\/p>\n<blockquote><p><em>&#8222;Dieses Rezept ist ein Klassiker. Ein Solit\u00e4r&#8220;<\/em><\/p><\/blockquote>\n<p>Der Unterschied liegt im Detail. Das Fleisch wird am Knochen gebraten. Die Fettschichten werden nicht chirurgisch entfernt, sondern bleiben dran und sorgen f\u00fcr ein tiefes Aroma. Und die Kruste ist raffiniert.\u00a0Probieren Sie es aus! Die Zubereitung ist vergleichsweise einfach und Ihre\u00a0G\u00e4ste schw\u00e4rmen f\u00fcr immer. Vertrauen Sie mir, ich bereite Lamm seit 35 Jahren nach diesem Rezept zu&#8230; ;-)<\/p>\n<p><a href=\"https:\/\/culturefoodblog.de\/wp-content\/uploads\/2015\/04\/trenner-seitentrenner.jpg\"><img decoding=\"async\" class=\"lazyload alignnone size-full wp-image-1908\" src=\"data:image\/svg+xml,%3Csvg%20xmlns%3D%27http%3A%2F%2Fwww.w3.org%2F2000%2Fsvg%27%20width%3D%27578%27%20height%3D%27140%27%20viewBox%3D%270%200%20578%20140%27%3E%3Crect%20width%3D%27578%27%20height%3D%27140%27%20fill-opacity%3D%220%22%2F%3E%3C%2Fsvg%3E\" data-orig-src=\"https:\/\/culturefoodblog.de\/wp-content\/uploads\/2015\/04\/trenner-seitentrenner.jpg\" alt=\"trenner-seitentrenner\" width=\"578\" height=\"140\" \/><\/a><\/p>\n<p><strong>REZEPT LAMMCARR\u00c9 IM KR\u00c4UTERMANTEL \u00a0<\/strong>(f\u00fcr ca. 6 Personen)<\/p>\n<p>Zubereitungszeit: ca.\u00a020 Minuten\u00a0plus 10 Stunden Ruhezeit plus 30 Minuten Bratzeit<\/p>\n<ul>\n<li>1 ausgel\u00f6ster Lammr\u00fccken mit Knochen (ca. 2 x 6 Rippen)<\/li>\n<li>2 gro\u00dfe Tomaten<\/li>\n<li>5 Knoblauchzehen<\/li>\n<li>frische Kr\u00e4uter: je ein Bund Thymian und Rosmarin,<\/li>\n<li>Oliven\u00f6l<\/li>\n<li>Butter<\/li>\n<li>mittelscharfer Senf<\/li>\n<li>Parmigiano-Reggiano, grob gerieben (alternativ Grana Padano)<\/li>\n<li>Semmelbr\u00f6sel<\/li>\n<li>Schwarzer Pfeffer aus der M\u00fchle oder gem\u00f6rsert<\/li>\n<li>Gem\u00fcse der Saison als Beilage (sehr gut passen zum Beispiel gegrillte Tomaten, Streichholzkartoffeln, gr\u00fcne Bohnen, Speckbohnen, Ratatouille&#8230;)<\/li>\n<\/ul>\n<p>&nbsp;<\/p>\n<p><strong><strong><a href=\"https:\/\/culturefoodblog.de\/en\/downloads\/rezept_lammcarree_culturefood.pdf\/\" target=\"_blank\"><img decoding=\"async\" class=\"lazyload alignnone\" title=\"print\" src=\"data:image\/svg+xml,%3Csvg%20xmlns%3D%27http%3A%2F%2Fwww.w3.org%2F2000%2Fsvg%27%20width%3D%27180%27%20height%3D%2730%27%20viewBox%3D%270%200%20180%2030%27%3E%3Crect%20width%3D%27180%27%20height%3D%2730%27%20fill-opacity%3D%220%22%2F%3E%3C%2Fsvg%3E\" data-orig-src=\"https:\/\/culturefoodblog.de\/wp-content\/uploads\/2011\/11\/print.jpg\" alt=\"\" width=\"180\" height=\"30\" \/><\/a><\/strong><\/strong><\/p>\n<p>&nbsp;<\/p>\n<p><a href=\"https:\/\/culturefoodblog.de\/wp-content\/uploads\/2014\/05\/lammcarree11_2016.jpg\"><img decoding=\"async\" class=\"lazyload alignnone size-full wp-image-4494\" src=\"https:\/\/culturefoodblog.de\/wp-content\/uploads\/2014\/05\/lammcarree11_2016.jpg\" data-orig-src=\"https:\/\/culturefoodblog.de\/wp-content\/uploads\/2014\/05\/lammcarree11_2016.jpg\" alt=\"lammcarree11_2016\" width=\"1500\" height=\"1023\" srcset=\"data:image\/svg+xml,%3Csvg%20xmlns%3D%27http%3A%2F%2Fwww.w3.org%2F2000%2Fsvg%27%20width%3D%271500%27%20height%3D%271023%27%20viewBox%3D%270%200%201500%201023%27%3E%3Crect%20width%3D%271500%27%20height%3D%271023%27%20fill-opacity%3D%220%22%2F%3E%3C%2Fsvg%3E\" data-srcset=\"https:\/\/culturefoodblog.de\/wp-content\/uploads\/2014\/05\/lammcarree11_2016-300x205.jpg 300w, https:\/\/culturefoodblog.de\/wp-content\/uploads\/2014\/05\/lammcarree11_2016-600x409.jpg 600w, https:\/\/culturefoodblog.de\/wp-content\/uploads\/2014\/05\/lammcarree11_2016-768x524.jpg 768w, https:\/\/culturefoodblog.de\/wp-content\/uploads\/2014\/05\/lammcarree11_2016-1024x698.jpg 1024w, https:\/\/culturefoodblog.de\/wp-content\/uploads\/2014\/05\/lammcarree11_2016.jpg 1500w\" data-sizes=\"auto\" data-orig-sizes=\"(max-width: 1500px) 100vw, 1500px\" \/><\/a><\/p>\n<p>&nbsp;<\/p>\n<p><strong>Schritt 1<\/strong>: Die Kr\u00e4uter waschen, trocknen, von Stielen befreien und ca. die H\u00e4lfte grob hacken. Das Lamm von Sehnen und gr\u00f6\u00dferen Fettteilen befreien, trockentupfen und in eine Schale legen. Dabei nicht zuviel Fett abschneiden. Mit Oliven\u00f6l, rohen Knoblauchscheiben, Tomatenst\u00fccken, gem\u00f6rsertem Pfeffer und mit der H\u00e4lfte der Kr\u00e4uter leicht einreiben. In Folie einschlagen und im K\u00fchlschrank 6-10 Stunden ruhen lassen.<\/p>\n<p>&nbsp;<\/p>\n<p><strong><a href=\"https:\/\/culturefoodblog.de\/wp-content\/uploads\/2014\/05\/lammcarree2_2016.jpg\"><img decoding=\"async\" class=\"lazyload alignnone size-full wp-image-4495\" src=\"https:\/\/culturefoodblog.de\/wp-content\/uploads\/2014\/05\/lammcarree2_2016.jpg\" data-orig-src=\"https:\/\/culturefoodblog.de\/wp-content\/uploads\/2014\/05\/lammcarree2_2016.jpg\" alt=\"lammcarree2_2016\" width=\"1500\" height=\"1023\" srcset=\"data:image\/svg+xml,%3Csvg%20xmlns%3D%27http%3A%2F%2Fwww.w3.org%2F2000%2Fsvg%27%20width%3D%271500%27%20height%3D%271023%27%20viewBox%3D%270%200%201500%201023%27%3E%3Crect%20width%3D%271500%27%20height%3D%271023%27%20fill-opacity%3D%220%22%2F%3E%3C%2Fsvg%3E\" data-srcset=\"https:\/\/culturefoodblog.de\/wp-content\/uploads\/2014\/05\/lammcarree2_2016-300x205.jpg 300w, https:\/\/culturefoodblog.de\/wp-content\/uploads\/2014\/05\/lammcarree2_2016-600x409.jpg 600w, https:\/\/culturefoodblog.de\/wp-content\/uploads\/2014\/05\/lammcarree2_2016-768x524.jpg 768w, https:\/\/culturefoodblog.de\/wp-content\/uploads\/2014\/05\/lammcarree2_2016-1024x698.jpg 1024w, https:\/\/culturefoodblog.de\/wp-content\/uploads\/2014\/05\/lammcarree2_2016.jpg 1500w\" data-sizes=\"auto\" data-orig-sizes=\"(max-width: 1500px) 100vw, 1500px\" \/><\/a><\/strong><\/p>\n<p>&nbsp;<\/p>\n<p><strong>Schritt 2:<\/strong>\u00a0 Das marinierte Fleisch ca. eine Stunde vor der Zubereitung aus dem K\u00fchlschrank nehmen. In einem vorgeheizten Br\u00e4ter oder einer sehr hei\u00dfen Eisenpfanne mit hohem Rand mit einem Stich Butter von allen Seiten scharf anbraten (ca. 3-4 Minuten), bis es eine deutliche, krosse Br\u00e4unung hat. Gegebenenfalls ein paar Mal wenden. Doch Vorsicht: Das Fleisch darf keinesfalls durchgebraten werden, der Kern sollte noch roh sein.<\/p>\n<p>Das Lammcarr\u00e9 aus der Pfanne nehmen und in einer Schale abk\u00fchlen lassen.<\/p>\n<p>&nbsp;<\/p>\n<p><a href=\"https:\/\/culturefoodblog.de\/wp-content\/uploads\/2014\/05\/lammcarree12_2016.jpg\"><img decoding=\"async\" class=\"lazyload alignnone size-full wp-image-4496\" src=\"https:\/\/culturefoodblog.de\/wp-content\/uploads\/2014\/05\/lammcarree12_2016.jpg\" data-orig-src=\"https:\/\/culturefoodblog.de\/wp-content\/uploads\/2014\/05\/lammcarree12_2016.jpg\" alt=\"lammcarree12_2016\" width=\"1500\" height=\"1023\" srcset=\"data:image\/svg+xml,%3Csvg%20xmlns%3D%27http%3A%2F%2Fwww.w3.org%2F2000%2Fsvg%27%20width%3D%271500%27%20height%3D%271023%27%20viewBox%3D%270%200%201500%201023%27%3E%3Crect%20width%3D%271500%27%20height%3D%271023%27%20fill-opacity%3D%220%22%2F%3E%3C%2Fsvg%3E\" data-srcset=\"https:\/\/culturefoodblog.de\/wp-content\/uploads\/2014\/05\/lammcarree12_2016-300x205.jpg 300w, https:\/\/culturefoodblog.de\/wp-content\/uploads\/2014\/05\/lammcarree12_2016-600x409.jpg 600w, https:\/\/culturefoodblog.de\/wp-content\/uploads\/2014\/05\/lammcarree12_2016-768x524.jpg 768w, https:\/\/culturefoodblog.de\/wp-content\/uploads\/2014\/05\/lammcarree12_2016-1024x698.jpg 1024w, https:\/\/culturefoodblog.de\/wp-content\/uploads\/2014\/05\/lammcarree12_2016.jpg 1500w\" data-sizes=\"auto\" data-orig-sizes=\"(max-width: 1500px) 100vw, 1500px\" \/><\/a><\/p>\n<p><a href=\"https:\/\/culturefoodblog.de\/wp-content\/uploads\/2014\/05\/lammcarree4_2016.jpg\"><img decoding=\"async\" class=\"lazyload alignnone size-full wp-image-4497\" src=\"https:\/\/culturefoodblog.de\/wp-content\/uploads\/2014\/05\/lammcarree4_2016.jpg\" data-orig-src=\"https:\/\/culturefoodblog.de\/wp-content\/uploads\/2014\/05\/lammcarree4_2016.jpg\" alt=\"lammcarree4_2016\" width=\"1500\" height=\"1023\" srcset=\"data:image\/svg+xml,%3Csvg%20xmlns%3D%27http%3A%2F%2Fwww.w3.org%2F2000%2Fsvg%27%20width%3D%271500%27%20height%3D%271023%27%20viewBox%3D%270%200%201500%201023%27%3E%3Crect%20width%3D%271500%27%20height%3D%271023%27%20fill-opacity%3D%220%22%2F%3E%3C%2Fsvg%3E\" data-srcset=\"https:\/\/culturefoodblog.de\/wp-content\/uploads\/2014\/05\/lammcarree4_2016-300x205.jpg 300w, https:\/\/culturefoodblog.de\/wp-content\/uploads\/2014\/05\/lammcarree4_2016-600x409.jpg 600w, https:\/\/culturefoodblog.de\/wp-content\/uploads\/2014\/05\/lammcarree4_2016-768x524.jpg 768w, https:\/\/culturefoodblog.de\/wp-content\/uploads\/2014\/05\/lammcarree4_2016-1024x698.jpg 1024w, https:\/\/culturefoodblog.de\/wp-content\/uploads\/2014\/05\/lammcarree4_2016.jpg 1500w\" data-sizes=\"auto\" data-orig-sizes=\"(max-width: 1500px) 100vw, 1500px\" \/><\/a><\/p>\n<p><strong><a href=\"https:\/\/culturefoodblog.de\/wp-content\/uploads\/2014\/05\/lammcarree13_2016.jpg\"><img decoding=\"async\" class=\"lazyload alignnone size-full wp-image-4498\" src=\"https:\/\/culturefoodblog.de\/wp-content\/uploads\/2014\/05\/lammcarree13_2016.jpg\" data-orig-src=\"https:\/\/culturefoodblog.de\/wp-content\/uploads\/2014\/05\/lammcarree13_2016.jpg\" alt=\"lammcarree13_2016\" width=\"1500\" height=\"1023\" srcset=\"data:image\/svg+xml,%3Csvg%20xmlns%3D%27http%3A%2F%2Fwww.w3.org%2F2000%2Fsvg%27%20width%3D%271500%27%20height%3D%271023%27%20viewBox%3D%270%200%201500%201023%27%3E%3Crect%20width%3D%271500%27%20height%3D%271023%27%20fill-opacity%3D%220%22%2F%3E%3C%2Fsvg%3E\" data-srcset=\"https:\/\/culturefoodblog.de\/wp-content\/uploads\/2014\/05\/lammcarree13_2016-300x205.jpg 300w, https:\/\/culturefoodblog.de\/wp-content\/uploads\/2014\/05\/lammcarree13_2016-600x409.jpg 600w, https:\/\/culturefoodblog.de\/wp-content\/uploads\/2014\/05\/lammcarree13_2016-768x524.jpg 768w, https:\/\/culturefoodblog.de\/wp-content\/uploads\/2014\/05\/lammcarree13_2016-1024x698.jpg 1024w, https:\/\/culturefoodblog.de\/wp-content\/uploads\/2014\/05\/lammcarree13_2016.jpg 1500w\" data-sizes=\"auto\" data-orig-sizes=\"(max-width: 1500px) 100vw, 1500px\" \/><\/a><\/strong><\/p>\n<p>&nbsp;<\/p>\n<p><strong>Schritt 3<\/strong>: Die restlichen Kr\u00e4uter fein hacken und beiseite stellen. Den K\u00e4se reiben. Das lauwarme Fleisch auf eine Arbeitsfl\u00e4che oder ein gro\u00dfes Brett legen und eine Seite des Lammr\u00fcckens in vier Schichten belegen:<br \/>\na) den Lammr\u00fccken mit Senf bestreichen<br \/>\nb) vollst\u00e4ndig mit den Kr\u00e4utern bestreuen<br \/>\nc) mit\u00a0Parmigiano bestreuen<br \/>\nd) mit einer Schicht Semmelbr\u00f6sel bestreuen und mit Oliven\u00f6l betr\u00e4ufeln.\u00a0Das Oliven\u00f6l gleichm\u00e4\u00dfig verteilen (am besten mit den H\u00e4nden), so dass der Lammr\u00fccken am Ende von einer kompakten\u00a0Schicht gleichm\u00e4\u00dfig bedeckt ist. Um den Prozess zu verdeutlichen, habe ich auf dem folgenden Bild die verschiedenen Schichten getrennt dargestellt. In Wirklichkeit werden die Zutaten nat\u00fcrlich \u00fcber das gesamte Fleisch verteilt.<\/p>\n<p>&nbsp;<\/p>\n<p><a href=\"https:\/\/culturefoodblog.de\/wp-content\/uploads\/2014\/05\/lammcarree9_2016.jpg\"><img decoding=\"async\" class=\"lazyload alignnone size-full wp-image-4500\" src=\"https:\/\/culturefoodblog.de\/wp-content\/uploads\/2014\/05\/lammcarree9_2016.jpg\" data-orig-src=\"https:\/\/culturefoodblog.de\/wp-content\/uploads\/2014\/05\/lammcarree9_2016.jpg\" alt=\"lammcarree9_2016\" width=\"1500\" height=\"1023\" srcset=\"data:image\/svg+xml,%3Csvg%20xmlns%3D%27http%3A%2F%2Fwww.w3.org%2F2000%2Fsvg%27%20width%3D%271500%27%20height%3D%271023%27%20viewBox%3D%270%200%201500%201023%27%3E%3Crect%20width%3D%271500%27%20height%3D%271023%27%20fill-opacity%3D%220%22%2F%3E%3C%2Fsvg%3E\" data-srcset=\"https:\/\/culturefoodblog.de\/wp-content\/uploads\/2014\/05\/lammcarree9_2016-300x205.jpg 300w, https:\/\/culturefoodblog.de\/wp-content\/uploads\/2014\/05\/lammcarree9_2016-600x409.jpg 600w, https:\/\/culturefoodblog.de\/wp-content\/uploads\/2014\/05\/lammcarree9_2016-768x524.jpg 768w, https:\/\/culturefoodblog.de\/wp-content\/uploads\/2014\/05\/lammcarree9_2016-1024x698.jpg 1024w, https:\/\/culturefoodblog.de\/wp-content\/uploads\/2014\/05\/lammcarree9_2016.jpg 1500w\" data-sizes=\"auto\" data-orig-sizes=\"(max-width: 1500px) 100vw, 1500px\" \/><\/a><\/p>\n<p><a href=\"https:\/\/culturefoodblog.de\/wp-content\/uploads\/2014\/05\/lammcarree6_2016.jpg\"><img decoding=\"async\" class=\"lazyload alignnone size-full wp-image-4499\" src=\"https:\/\/culturefoodblog.de\/wp-content\/uploads\/2014\/05\/lammcarree6_2016.jpg\" data-orig-src=\"https:\/\/culturefoodblog.de\/wp-content\/uploads\/2014\/05\/lammcarree6_2016.jpg\" alt=\"lammcarree6_2016\" width=\"1500\" height=\"1023\" srcset=\"data:image\/svg+xml,%3Csvg%20xmlns%3D%27http%3A%2F%2Fwww.w3.org%2F2000%2Fsvg%27%20width%3D%271500%27%20height%3D%271023%27%20viewBox%3D%270%200%201500%201023%27%3E%3Crect%20width%3D%271500%27%20height%3D%271023%27%20fill-opacity%3D%220%22%2F%3E%3C%2Fsvg%3E\" data-srcset=\"https:\/\/culturefoodblog.de\/wp-content\/uploads\/2014\/05\/lammcarree6_2016-300x205.jpg 300w, https:\/\/culturefoodblog.de\/wp-content\/uploads\/2014\/05\/lammcarree6_2016-600x409.jpg 600w, https:\/\/culturefoodblog.de\/wp-content\/uploads\/2014\/05\/lammcarree6_2016-768x524.jpg 768w, https:\/\/culturefoodblog.de\/wp-content\/uploads\/2014\/05\/lammcarree6_2016-1024x698.jpg 1024w, https:\/\/culturefoodblog.de\/wp-content\/uploads\/2014\/05\/lammcarree6_2016.jpg 1500w\" data-sizes=\"auto\" data-orig-sizes=\"(max-width: 1500px) 100vw, 1500px\" \/><\/a><\/p>\n<p>&nbsp;<\/p>\n<p><strong>Schritt 4:<\/strong> \u00a0Die Lammcarr\u00e9s in einer feuerfesten Sch\u00fcssel, Backform oder in einem gro\u00dfen Br\u00e4ter aufstellen, so dass die Knochen ineinander greifen, und die Knochenenden mit Alufolie abdecken, damit sie sp\u00e4ter im Ofen nicht schwarz werden. \u00a0Beiseite stellen. Den Backofen auf 220\u00b0C. vorheizen.<\/p>\n<p>Das Beilagengem\u00fcse vorbereiten und warmstellen.<\/p>\n<p><a href=\"https:\/\/culturefoodblog.de\/wp-content\/uploads\/2014\/05\/lammcarree7_2016.jpg\"><img decoding=\"async\" class=\"lazyload alignnone size-full wp-image-4501\" src=\"https:\/\/culturefoodblog.de\/wp-content\/uploads\/2014\/05\/lammcarree7_2016.jpg\" data-orig-src=\"https:\/\/culturefoodblog.de\/wp-content\/uploads\/2014\/05\/lammcarree7_2016.jpg\" alt=\"lammcarree7_2016\" width=\"1500\" height=\"1023\" srcset=\"data:image\/svg+xml,%3Csvg%20xmlns%3D%27http%3A%2F%2Fwww.w3.org%2F2000%2Fsvg%27%20width%3D%271500%27%20height%3D%271023%27%20viewBox%3D%270%200%201500%201023%27%3E%3Crect%20width%3D%271500%27%20height%3D%271023%27%20fill-opacity%3D%220%22%2F%3E%3C%2Fsvg%3E\" data-srcset=\"https:\/\/culturefoodblog.de\/wp-content\/uploads\/2014\/05\/lammcarree7_2016-300x205.jpg 300w, https:\/\/culturefoodblog.de\/wp-content\/uploads\/2014\/05\/lammcarree7_2016-600x409.jpg 600w, https:\/\/culturefoodblog.de\/wp-content\/uploads\/2014\/05\/lammcarree7_2016-768x524.jpg 768w, https:\/\/culturefoodblog.de\/wp-content\/uploads\/2014\/05\/lammcarree7_2016-1024x698.jpg 1024w, https:\/\/culturefoodblog.de\/wp-content\/uploads\/2014\/05\/lammcarree7_2016.jpg 1500w\" data-sizes=\"auto\" data-orig-sizes=\"(max-width: 1500px) 100vw, 1500px\" \/><\/a><\/p>\n<p><strong><a href=\"https:\/\/culturefoodblog.de\/wp-content\/uploads\/2014\/05\/lammcarree10_2016.jpg\"><img decoding=\"async\" class=\"lazyload alignnone size-full wp-image-4502\" src=\"https:\/\/culturefoodblog.de\/wp-content\/uploads\/2014\/05\/lammcarree10_2016.jpg\" data-orig-src=\"https:\/\/culturefoodblog.de\/wp-content\/uploads\/2014\/05\/lammcarree10_2016.jpg\" alt=\"lammcarree10_2016\" width=\"1500\" height=\"1023\" srcset=\"data:image\/svg+xml,%3Csvg%20xmlns%3D%27http%3A%2F%2Fwww.w3.org%2F2000%2Fsvg%27%20width%3D%271500%27%20height%3D%271023%27%20viewBox%3D%270%200%201500%201023%27%3E%3Crect%20width%3D%271500%27%20height%3D%271023%27%20fill-opacity%3D%220%22%2F%3E%3C%2Fsvg%3E\" data-srcset=\"https:\/\/culturefoodblog.de\/wp-content\/uploads\/2014\/05\/lammcarree10_2016-300x205.jpg 300w, https:\/\/culturefoodblog.de\/wp-content\/uploads\/2014\/05\/lammcarree10_2016-600x409.jpg 600w, https:\/\/culturefoodblog.de\/wp-content\/uploads\/2014\/05\/lammcarree10_2016-768x524.jpg 768w, https:\/\/culturefoodblog.de\/wp-content\/uploads\/2014\/05\/lammcarree10_2016-1024x698.jpg 1024w, https:\/\/culturefoodblog.de\/wp-content\/uploads\/2014\/05\/lammcarree10_2016.jpg 1500w\" data-sizes=\"auto\" data-orig-sizes=\"(max-width: 1500px) 100vw, 1500px\" \/><\/a><\/strong><\/p>\n<p>&nbsp;<\/p>\n<p><strong>Schritt 5<\/strong>: Das vorbereitete Fleisch in\u00a0den vorgeheizten Backofen stellen und ohne Deckel ca. 10 Minuten (rosa) bis 14 Minuten (medium) braten. Am Ende der Backzeit den Grill zum \u00dcberbacken einschalten und eine\u00a0Minute unter der gl\u00fchenden Heizspirale des Grills oder in einem Salamander stellen, damit die Kruste knuspriger wird.<\/p>\n<p>Ideal ist es, wenn Sie ein Kernthermometer benutzen. Nur\u00a0so k\u00f6nnen Sie absolut sicher sein, dass Sie den perfekten Gargrad erreichen. Die ideale Temperatur sollte 53-55\u00b0C. betragen, was medium entspricht. Nat\u00fcrlich k\u00f6nnen Sie das Fleisch entsprechend Ihrer pers\u00f6nlichen Vorlieben etwas k\u00fcrzer (medium rare) oder durch (well done) garen.<\/p>\n<p>&nbsp;<\/p>\n<p><a href=\"https:\/\/culturefoodblog.de\/wp-content\/uploads\/2014\/05\/lammcarree5_2016.jpg\"><img decoding=\"async\" class=\"lazyload alignnone size-full wp-image-4503\" src=\"https:\/\/culturefoodblog.de\/wp-content\/uploads\/2014\/05\/lammcarree5_2016.jpg\" data-orig-src=\"https:\/\/culturefoodblog.de\/wp-content\/uploads\/2014\/05\/lammcarree5_2016.jpg\" alt=\"lammcarree5_2016\" width=\"1500\" height=\"1023\" srcset=\"data:image\/svg+xml,%3Csvg%20xmlns%3D%27http%3A%2F%2Fwww.w3.org%2F2000%2Fsvg%27%20width%3D%271500%27%20height%3D%271023%27%20viewBox%3D%270%200%201500%201023%27%3E%3Crect%20width%3D%271500%27%20height%3D%271023%27%20fill-opacity%3D%220%22%2F%3E%3C%2Fsvg%3E\" data-srcset=\"https:\/\/culturefoodblog.de\/wp-content\/uploads\/2014\/05\/lammcarree5_2016-300x205.jpg 300w, https:\/\/culturefoodblog.de\/wp-content\/uploads\/2014\/05\/lammcarree5_2016-600x409.jpg 600w, https:\/\/culturefoodblog.de\/wp-content\/uploads\/2014\/05\/lammcarree5_2016-768x524.jpg 768w, https:\/\/culturefoodblog.de\/wp-content\/uploads\/2014\/05\/lammcarree5_2016-1024x698.jpg 1024w, https:\/\/culturefoodblog.de\/wp-content\/uploads\/2014\/05\/lammcarree5_2016.jpg 1500w\" data-sizes=\"auto\" data-orig-sizes=\"(max-width: 1500px) 100vw, 1500px\" \/><\/a><\/p>\n<p>&nbsp;<\/p>\n<p><strong>Schritt 6<\/strong>: Den Lammr\u00fccken aus dem Ofen nehmen und die Alufolie entfernen. Auf vorgew\u00e4rmten Tellern das Gem\u00fcse anrichten. Ich serviere hierzu am liebsten <a title=\"Ratatouille mit gratiniertem Ziegenk\u00e4se\" href=\"https:\/\/culturefoodblog.de\/en\/ratatouille-mit-gratiniertem-ziegenkase\/\">Ratatouille<\/a>\u00a0. Sofort und hei\u00df servieren \u2013 oder am besten \u2013\u00a0das Lamm am Tisch vor den Augen der G\u00e4ste tranchieren.\u00a0Das Fleisch entlang der Knochen aufschneiden und jeweils 2-3 Rippen pro Teller anrichten und nach eigner Vorliebe mit Pfeffer und Fleur de Sel betreuen.<\/p>\n<p><a href=\"https:\/\/culturefoodblog.de\/wp-content\/uploads\/2016\/09\/lammcarree_cf1.jpg\"><img decoding=\"async\" class=\"lazyload alignnone size-full wp-image-5355\" src=\"https:\/\/culturefoodblog.de\/wp-content\/uploads\/2016\/09\/lammcarree_cf1.jpg\" data-orig-src=\"https:\/\/culturefoodblog.de\/wp-content\/uploads\/2016\/09\/lammcarree_cf1.jpg\" alt=\"lammcarree_cf1\" width=\"1500\" height=\"1023\" srcset=\"data:image\/svg+xml,%3Csvg%20xmlns%3D%27http%3A%2F%2Fwww.w3.org%2F2000%2Fsvg%27%20width%3D%271500%27%20height%3D%271023%27%20viewBox%3D%270%200%201500%201023%27%3E%3Crect%20width%3D%271500%27%20height%3D%271023%27%20fill-opacity%3D%220%22%2F%3E%3C%2Fsvg%3E\" data-srcset=\"https:\/\/culturefoodblog.de\/wp-content\/uploads\/2016\/09\/lammcarree_cf1-300x205.jpg 300w, https:\/\/culturefoodblog.de\/wp-content\/uploads\/2016\/09\/lammcarree_cf1-600x409.jpg 600w, https:\/\/culturefoodblog.de\/wp-content\/uploads\/2016\/09\/lammcarree_cf1-768x524.jpg 768w, https:\/\/culturefoodblog.de\/wp-content\/uploads\/2016\/09\/lammcarree_cf1-1024x698.jpg 1024w, https:\/\/culturefoodblog.de\/wp-content\/uploads\/2016\/09\/lammcarree_cf1.jpg 1500w\" data-sizes=\"auto\" data-orig-sizes=\"(max-width: 1500px) 100vw, 1500px\" \/><\/a><\/p>\n<p><strong><a href=\"https:\/\/culturefoodblog.de\/en\/downloads\/rezept_lammcarree_culturefood.pdf\/\" target=\"_blank\"><img decoding=\"async\" class=\"lazyload alignnone\" title=\"print\" src=\"data:image\/svg+xml,%3Csvg%20xmlns%3D%27http%3A%2F%2Fwww.w3.org%2F2000%2Fsvg%27%20width%3D%27180%27%20height%3D%2730%27%20viewBox%3D%270%200%20180%2030%27%3E%3Crect%20width%3D%27180%27%20height%3D%2730%27%20fill-opacity%3D%220%22%2F%3E%3C%2Fsvg%3E\" data-orig-src=\"https:\/\/culturefoodblog.de\/wp-content\/uploads\/2011\/11\/print.jpg\" alt=\"\" width=\"180\" height=\"30\" \/><\/a><\/strong><\/p>\n<p>&nbsp;<\/p>\n<p><em>Tipp \/ Weinempfehlung<\/em>: Wir genossen einen &#8222;Inspiration Marine&#8220; Collioure 2010\u00a0von der <a href=\"http:\/\/www.domaine-st-sebastien.com\/?Commande-Produits&amp;idp=11\" target=\"_blank\">Domaine St Sebastien<\/a>, der mit seinen\u00a0Duft nach roten Beeren und Kr\u00e4utern wunderbar passte.\u00a0Die hochwertigeren Lammsorten aus dem Pauillac, Limousin, von den Moorwiesen der M\u00fcritz oder vom Biohof Ihres Vertrauens haben einen standesgem\u00e4\u00dfen Begleiter verdient: Hier darf es ruhig ein feiner Bordeaux, ein Gigondas, Chateauneuf du Pape oder ein Cabernet Sauvignon aus Chile oder S\u00fcdafrika sein\u00a0\u2013\u00a0und selbstverst\u00e4ndlich\u00a0ein Spitzengew\u00e4chs aus den Kellern deutscher Winzer, der\u00a0mit seinem Aroma\u00a0nach roten Beeren und Kr\u00e4utern das Lamm wunderbar erg\u00e4nzt. \u2192\u00a0<a href=\"http:\/\/www.welcherweinzu.de\/welcher_wein_zu_dunklem_fleisch_rind_lamm.htm\" target=\"_blank\">weitere Weinempfehlungen&#8230;<\/a><\/p>\n<p><strong>Gutes Gelingen und einen ebenso guten Appetit!<\/strong><\/p>\n<h6><\/h6>\n<p><a href=\"https:\/\/culturefoodblog.de\/wp-content\/uploads\/2015\/04\/trenner-seitentrenner.jpg\"><img decoding=\"async\" class=\"lazyload alignnone size-full wp-image-1908\" src=\"data:image\/svg+xml,%3Csvg%20xmlns%3D%27http%3A%2F%2Fwww.w3.org%2F2000%2Fsvg%27%20width%3D%27578%27%20height%3D%27140%27%20viewBox%3D%270%200%20578%20140%27%3E%3Crect%20width%3D%27578%27%20height%3D%27140%27%20fill-opacity%3D%220%22%2F%3E%3C%2Fsvg%3E\" data-orig-src=\"https:\/\/culturefoodblog.de\/wp-content\/uploads\/2015\/04\/trenner-seitentrenner.jpg\" alt=\"trenner-seitentrenner\" width=\"578\" height=\"140\" \/><\/a><\/p>\n<h6>Dieses Rezept wurde zum ersten Mal im Mai 2014 ver\u00f6ffentlicht und im September 2016 \u00fcberarbeitet.<\/h6>\n<p>Leser, die dieses Rezept heruntergeladen haben, interessierten sich auch f\u00fcr die folgenden Artikel:<\/p>\n<p>\u2192\u00a0<a href=\"https:\/\/culturefoodblog.de\/en\/ratatouille-mit-gratiniertem-ziegenkase\/\" target=\"_blank\">Ratatouille<\/a><br \/>\n\u2192\u00a0<a href=\"https:\/\/culturefoodblog.de\/en\/bbq-asado-churrasco-es-ist-grillsaison\/\" target=\"_blank\">BBQ, Asado, Churrasco &#8211; es ist Grillsaison<\/a><br \/>\n\u2192\u00a0<a href=\"https:\/\/culturefoodblog.de\/en\/kaesewahl-nach-jahreszeiten-sommer\/\" target=\"_blank\">K\u00e4se im Sommer<\/a><\/p>\n<p><strong>Welche Erfahrungen haben Sie mit Lammr\u00fccken gemacht? Kennen Sie eine Rezeptvariation? Ich freue mich auf Ihre Erg\u00e4nzungen in den Kommentaren.<\/strong><\/p>","protected":false},"excerpt":{"rendered":"<p>Zugegeben, das ist kein wirklich neues Rezept: Carr\u00e9 oder\u00a0Lammsattel im Kr\u00e4utermantel.\u00a0Man findet es in den<\/p>","protected":false},"author":1,"featured_media":5356,"comment_status":"open","ping_status":"open","sticky":false,"template":"","format":"standard","meta":{"footnotes":""},"categories":[73],"tags":[298,300,301,303,304,305,306,308,309,310,405,406],"class_list":["post-812","post","type-post","status-publish","format-standard","has-post-thumbnail","hentry","category-fleischgerichte-steaks","tag-lamm","tag-lamm-grischuna","tag-lamm-im-krautermantel","tag-lammcarre","tag-lammcarree","tag-lammkarre","tag-lammkarree","tag-lammrucken","tag-lammrucken-mit-krautern","tag-lammsattel","tag-rezept-lammkarree","tag-rezept-lammrucken"],"yoast_head":"<!-- This site is optimized with the Yoast SEO plugin v25.4 - https:\/\/yoast.com\/wordpress\/plugins\/seo\/ -->\n<title>Lammcarr\u00e9 im Kr\u00e4utermantel - Culture Food Blog - Familie, Freunde &amp; Food<\/title>\n<meta name=\"robots\" content=\"index, follow, max-snippet:-1, max-image-preview:large, max-video-preview:-1\" \/>\n<link rel=\"canonical\" href=\"https:\/\/culturefoodblog.de\/en\/lammcarree-im-krautermantel\/\" \/>\n<meta property=\"og:locale\" content=\"en_GB\" \/>\n<meta property=\"og:type\" content=\"article\" \/>\n<meta property=\"og:title\" content=\"Lammcarr\u00e9 im Kr\u00e4utermantel - Culture Food Blog - Familie, Freunde &amp; Food\" \/>\n<meta property=\"og:description\" content=\"Zugegeben, das ist kein wirklich neues Rezept: Carr\u00e9 oder\u00a0Lammsattel im Kr\u00e4utermantel.\u00a0Man findet es in den\" \/>\n<meta property=\"og:url\" content=\"https:\/\/culturefoodblog.de\/en\/lammcarree-im-krautermantel\/\" \/>\n<meta property=\"og:site_name\" content=\"Culture Food Blog - Familie, Freunde &amp; Food\" \/>\n<meta property=\"article:publisher\" content=\"https:\/\/www.facebook.com\/culturefoodblog\" \/>\n<meta property=\"article:published_time\" content=\"2016-09-07T08:19:07+00:00\" \/>\n<meta property=\"article:modified_time\" content=\"2017-08-06T13:31:49+00:00\" \/>\n<meta property=\"og:image\" content=\"https:\/\/culturefoodblog.de\/wp-content\/uploads\/2016\/09\/lamm_teaser.jpg\" \/>\n\t<meta property=\"og:image:width\" content=\"800\" \/>\n\t<meta property=\"og:image:height\" content=\"546\" \/>\n\t<meta property=\"og:image:type\" content=\"image\/jpeg\" \/>\n<meta name=\"author\" content=\"Culture Foodblog\" \/>\n<meta name=\"twitter:card\" content=\"summary_large_image\" \/>\n<meta name=\"twitter:label1\" content=\"Written by\" \/>\n\t<meta name=\"twitter:data1\" content=\"Culture Foodblog\" \/>\n\t<meta name=\"twitter:label2\" content=\"Estimated reading time\" \/>\n\t<meta name=\"twitter:data2\" content=\"5 minutes\" \/>\n<script type=\"application\/ld+json\" class=\"yoast-schema-graph\">{\"@context\":\"https:\/\/schema.org\",\"@graph\":[{\"@type\":\"WebPage\",\"@id\":\"https:\/\/culturefoodblog.de\/lammcarree-im-krautermantel\/\",\"url\":\"https:\/\/culturefoodblog.de\/lammcarree-im-krautermantel\/\",\"name\":\"Lammcarr\u00e9 im Kr\u00e4utermantel - Culture Food Blog - Familie, Freunde &amp; Food\",\"isPartOf\":{\"@id\":\"https:\/\/culturefoodblog.de\/#website\"},\"primaryImageOfPage\":{\"@id\":\"https:\/\/culturefoodblog.de\/lammcarree-im-krautermantel\/#primaryimage\"},\"image\":{\"@id\":\"https:\/\/culturefoodblog.de\/lammcarree-im-krautermantel\/#primaryimage\"},\"thumbnailUrl\":\"https:\/\/culturefoodblog.de\/wp-content\/uploads\/2016\/09\/lamm_teaser.jpg\",\"datePublished\":\"2016-09-07T08:19:07+00:00\",\"dateModified\":\"2017-08-06T13:31:49+00:00\",\"author\":{\"@id\":\"https:\/\/culturefoodblog.de\/#\/schema\/person\/9110d3d09672230ca0f3ec895f04e4a1\"},\"breadcrumb\":{\"@id\":\"https:\/\/culturefoodblog.de\/lammcarree-im-krautermantel\/#breadcrumb\"},\"inLanguage\":\"en-GB\",\"potentialAction\":[{\"@type\":\"ReadAction\",\"target\":[\"https:\/\/culturefoodblog.de\/lammcarree-im-krautermantel\/\"]}]},{\"@type\":\"ImageObject\",\"inLanguage\":\"en-GB\",\"@id\":\"https:\/\/culturefoodblog.de\/lammcarree-im-krautermantel\/#primaryimage\",\"url\":\"https:\/\/culturefoodblog.de\/wp-content\/uploads\/2016\/09\/lamm_teaser.jpg\",\"contentUrl\":\"https:\/\/culturefoodblog.de\/wp-content\/uploads\/2016\/09\/lamm_teaser.jpg\",\"width\":800,\"height\":546},{\"@type\":\"BreadcrumbList\",\"@id\":\"https:\/\/culturefoodblog.de\/lammcarree-im-krautermantel\/#breadcrumb\",\"itemListElement\":[{\"@type\":\"ListItem\",\"position\":1,\"name\":\"Startseite\",\"item\":\"https:\/\/culturefoodblog.de\/\"},{\"@type\":\"ListItem\",\"position\":2,\"name\":\"Lammcarr\u00e9 im Kr\u00e4utermantel\"}]},{\"@type\":\"WebSite\",\"@id\":\"https:\/\/culturefoodblog.de\/#website\",\"url\":\"https:\/\/culturefoodblog.de\/\",\"name\":\"Culture Food Blog - Familie, Freunde & Food\",\"description\":\"Ein kulinarisches Tagebuch f\u00fcr Genie\u00dfer\",\"potentialAction\":[{\"@type\":\"SearchAction\",\"target\":{\"@type\":\"EntryPoint\",\"urlTemplate\":\"https:\/\/culturefoodblog.de\/?s={search_term_string}\"},\"query-input\":{\"@type\":\"PropertyValueSpecification\",\"valueRequired\":true,\"valueName\":\"search_term_string\"}}],\"inLanguage\":\"en-GB\"},{\"@type\":\"Person\",\"@id\":\"https:\/\/culturefoodblog.de\/#\/schema\/person\/9110d3d09672230ca0f3ec895f04e4a1\",\"name\":\"Culture Foodblog\",\"url\":\"https:\/\/culturefoodblog.de\/en\/author\/culturefood\/\"}]}<\/script>\n<!-- \/ Yoast SEO plugin. -->","yoast_head_json":{"title":"Lammcarr\u00e9 im Kr\u00e4utermantel - Culture Food Blog - Familie, Freunde &amp; Food","robots":{"index":"index","follow":"follow","max-snippet":"max-snippet:-1","max-image-preview":"max-image-preview:large","max-video-preview":"max-video-preview:-1"},"canonical":"https:\/\/culturefoodblog.de\/en\/lammcarree-im-krautermantel\/","og_locale":"en_GB","og_type":"article","og_title":"Lammcarr\u00e9 im Kr\u00e4utermantel - Culture Food Blog - Familie, Freunde &amp; Food","og_description":"Zugegeben, das ist kein wirklich neues Rezept: Carr\u00e9 oder\u00a0Lammsattel im Kr\u00e4utermantel.\u00a0Man findet es in den","og_url":"https:\/\/culturefoodblog.de\/en\/lammcarree-im-krautermantel\/","og_site_name":"Culture Food Blog - Familie, Freunde &amp; Food","article_publisher":"https:\/\/www.facebook.com\/culturefoodblog","article_published_time":"2016-09-07T08:19:07+00:00","article_modified_time":"2017-08-06T13:31:49+00:00","og_image":[{"width":800,"height":546,"url":"https:\/\/culturefoodblog.de\/wp-content\/uploads\/2016\/09\/lamm_teaser.jpg","type":"image\/jpeg"}],"author":"Culture Foodblog","twitter_card":"summary_large_image","twitter_misc":{"Written by":"Culture Foodblog","Estimated reading time":"5 minutes"},"schema":{"@context":"https:\/\/schema.org","@graph":[{"@type":"WebPage","@id":"https:\/\/culturefoodblog.de\/lammcarree-im-krautermantel\/","url":"https:\/\/culturefoodblog.de\/lammcarree-im-krautermantel\/","name":"Lammcarr\u00e9 im Kr\u00e4utermantel - Culture Food Blog - Familie, Freunde &amp; Food","isPartOf":{"@id":"https:\/\/culturefoodblog.de\/#website"},"primaryImageOfPage":{"@id":"https:\/\/culturefoodblog.de\/lammcarree-im-krautermantel\/#primaryimage"},"image":{"@id":"https:\/\/culturefoodblog.de\/lammcarree-im-krautermantel\/#primaryimage"},"thumbnailUrl":"https:\/\/culturefoodblog.de\/wp-content\/uploads\/2016\/09\/lamm_teaser.jpg","datePublished":"2016-09-07T08:19:07+00:00","dateModified":"2017-08-06T13:31:49+00:00","author":{"@id":"https:\/\/culturefoodblog.de\/#\/schema\/person\/9110d3d09672230ca0f3ec895f04e4a1"},"breadcrumb":{"@id":"https:\/\/culturefoodblog.de\/lammcarree-im-krautermantel\/#breadcrumb"},"inLanguage":"en-GB","potentialAction":[{"@type":"ReadAction","target":["https:\/\/culturefoodblog.de\/lammcarree-im-krautermantel\/"]}]},{"@type":"ImageObject","inLanguage":"en-GB","@id":"https:\/\/culturefoodblog.de\/lammcarree-im-krautermantel\/#primaryimage","url":"https:\/\/culturefoodblog.de\/wp-content\/uploads\/2016\/09\/lamm_teaser.jpg","contentUrl":"https:\/\/culturefoodblog.de\/wp-content\/uploads\/2016\/09\/lamm_teaser.jpg","width":800,"height":546},{"@type":"BreadcrumbList","@id":"https:\/\/culturefoodblog.de\/lammcarree-im-krautermantel\/#breadcrumb","itemListElement":[{"@type":"ListItem","position":1,"name":"Startseite","item":"https:\/\/culturefoodblog.de\/"},{"@type":"ListItem","position":2,"name":"Lammcarr\u00e9 im Kr\u00e4utermantel"}]},{"@type":"WebSite","@id":"https:\/\/culturefoodblog.de\/#website","url":"https:\/\/culturefoodblog.de\/","name":"Culture Food Blog - Familie, Freunde & Food","description":"Ein kulinarisches Tagebuch f\u00fcr Genie\u00dfer","potentialAction":[{"@type":"SearchAction","target":{"@type":"EntryPoint","urlTemplate":"https:\/\/culturefoodblog.de\/?s={search_term_string}"},"query-input":{"@type":"PropertyValueSpecification","valueRequired":true,"valueName":"search_term_string"}}],"inLanguage":"en-GB"},{"@type":"Person","@id":"https:\/\/culturefoodblog.de\/#\/schema\/person\/9110d3d09672230ca0f3ec895f04e4a1","name":"Culture Foodblog","url":"https:\/\/culturefoodblog.de\/en\/author\/culturefood\/"}]}},"_links":{"self":[{"href":"https:\/\/culturefoodblog.de\/en\/wp-json\/wp\/v2\/posts\/812","targetHints":{"allow":["GET"]}}],"collection":[{"href":"https:\/\/culturefoodblog.de\/en\/wp-json\/wp\/v2\/posts"}],"about":[{"href":"https:\/\/culturefoodblog.de\/en\/wp-json\/wp\/v2\/types\/post"}],"author":[{"embeddable":true,"href":"https:\/\/culturefoodblog.de\/en\/wp-json\/wp\/v2\/users\/1"}],"replies":[{"embeddable":true,"href":"https:\/\/culturefoodblog.de\/en\/wp-json\/wp\/v2\/comments?post=812"}],"version-history":[{"count":9,"href":"https:\/\/culturefoodblog.de\/en\/wp-json\/wp\/v2\/posts\/812\/revisions"}],"predecessor-version":[{"id":5362,"href":"https:\/\/culturefoodblog.de\/en\/wp-json\/wp\/v2\/posts\/812\/revisions\/5362"}],"wp:featuredmedia":[{"embeddable":true,"href":"https:\/\/culturefoodblog.de\/en\/wp-json\/wp\/v2\/media\/5356"}],"wp:attachment":[{"href":"https:\/\/culturefoodblog.de\/en\/wp-json\/wp\/v2\/media?parent=812"}],"wp:term":[{"taxonomy":"category","embeddable":true,"href":"https:\/\/culturefoodblog.de\/en\/wp-json\/wp\/v2\/categories?post=812"},{"taxonomy":"post_tag","embeddable":true,"href":"https:\/\/culturefoodblog.de\/en\/wp-json\/wp\/v2\/tags?post=812"}],"curies":[{"name":"wp","href":"https:\/\/api.w.org\/{rel}","templated":true}]}}