{"id":680,"date":"2011-08-08T17:24:20","date_gmt":"2011-08-08T15:24:20","guid":{"rendered":"http:\/\/new.culturefood.org\/?p=680"},"modified":"2023-09-14T10:25:49","modified_gmt":"2023-09-14T08:25:49","slug":"vortraege","status":"publish","type":"post","link":"https:\/\/culturefoodblog.de\/en\/vortraege\/","title":{"rendered":"BRILLANTE VORTR\u00c4GE UND GENUSSVOLLE SEMINARE"},"content":{"rendered":"<h4>Vortr\u00e4ge \u00fcber verantwortungsbewusste Lebensmittelproduktion, Lebensmittelkultur, Wein und passende Speisen, Food Pairing und \u00fcber Onlinemarketing f\u00fcr die Lebensmittel- und Weinbranche<\/h4>\n<p><a href=\"https:\/\/culturefoodblog.de\/wp-content\/uploads\/2011\/08\/vortrag-symposium-nachhaltigkeit.jpg\"><img decoding=\"async\" class=\"lazyload alignnone size-full wp-image-3945\" src=\"https:\/\/culturefoodblog.de\/wp-content\/uploads\/2011\/08\/vortrag-symposium-nachhaltigkeit.jpg\" data-orig-src=\"https:\/\/culturefoodblog.de\/wp-content\/uploads\/2011\/08\/vortrag-symposium-nachhaltigkeit.jpg\" alt=\"vortrag-symposium-nachhaltigkeit\" width=\"1035\" height=\"651\" srcset=\"data:image\/svg+xml,%3Csvg%20xmlns%3D%27http%3A%2F%2Fwww.w3.org%2F2000%2Fsvg%27%20width%3D%271035%27%20height%3D%27651%27%20viewBox%3D%270%200%201035%20651%27%3E%3Crect%20width%3D%271035%27%20height%3D%27651%27%20fill-opacity%3D%220%22%2F%3E%3C%2Fsvg%3E\" data-srcset=\"https:\/\/culturefoodblog.de\/wp-content\/uploads\/2011\/08\/vortrag-symposium-nachhaltigkeit-240x150.jpg 240w, https:\/\/culturefoodblog.de\/wp-content\/uploads\/2011\/08\/vortrag-symposium-nachhaltigkeit-300x189.jpg 300w, https:\/\/culturefoodblog.de\/wp-content\/uploads\/2011\/08\/vortrag-symposium-nachhaltigkeit-600x377.jpg 600w, https:\/\/culturefoodblog.de\/wp-content\/uploads\/2011\/08\/vortrag-symposium-nachhaltigkeit-768x483.jpg 768w, https:\/\/culturefoodblog.de\/wp-content\/uploads\/2011\/08\/vortrag-symposium-nachhaltigkeit-1024x644.jpg 1024w, https:\/\/culturefoodblog.de\/wp-content\/uploads\/2011\/08\/vortrag-symposium-nachhaltigkeit.jpg 1035w\" data-sizes=\"auto\" data-orig-sizes=\"(max-width: 1035px) 100vw, 1035px\" \/><\/a><\/p>\n<p>Ich spreche leidenschaftlich gerne \u00fcber aktuelle Themen, die unsere Branche bewegen \u2013 \u00fcber technische Aspekte wie erfolgreiches Online-Markting und Social Media genauso, wie \u00fcber Ern\u00e4hrungsthemen, \u00fcber verantwortungsvoll produzierte Lebensmittel und dar\u00fcber, welche Weine zu welchen Speisen passen.. In meinen Vortr\u00e4gen n\u00e4here ich mich dem jeweiligen Thema aus der Perspektive der langfristigen und nachhaltigen Entwicklung oder Trends. Mein Ansatz ist stets das \u201eCross-Referencing\u201c: Wie ver\u00e4ndert sich Alltag durch die Industrie, wie M\u00e4rkte durch Mentalit\u00e4ten, wie Werte durch Kultur?<\/p>\n<p>Dabei stelle ich Fragen, die zum Nachdenken anregen, hinterfrage vorgefertigte Denkmuster, am\u00fcsiere mit Anekdoten \u2013 und erzeuge vor allem Optimismus. Ich spreche in Englisch, Spanisch, Franz\u00f6sisch oder Deutsch, auf Kongressen, Seminaren, Workshops oder Aktionstagen, aber auch auf gesetzten Abendveranstaltungen, wenn das Publikum bereit zum Zuh\u00f6ren ist. Gebucht werde ich meist von Unternehmen, Vereinigungen oder Instituten, wie z.B: dem Fraunhofer Institut, Edeka S\u00fcdwest, Slow Food, Handelskammern, Weinbauverb\u00e4nden, Medienagenturen, der Evangelischen Akademie Loccum, Rotary, Lions Club sowie von diversen Volkshochschulen und Akademien.<\/p>\n<p><a href=\"https:\/\/culturefoodblog.de\/wp-content\/uploads\/2011\/08\/vortraege_cs1.jpg\"><img decoding=\"async\" class=\"lazyload alignnone size-full wp-image-3954\" src=\"https:\/\/culturefoodblog.de\/wp-content\/uploads\/2011\/08\/vortraege_cs1.jpg\" data-orig-src=\"https:\/\/culturefoodblog.de\/wp-content\/uploads\/2011\/08\/vortraege_cs1.jpg\" alt=\"vortraege_cs1\" width=\"1500\" height=\"464\" srcset=\"data:image\/svg+xml,%3Csvg%20xmlns%3D%27http%3A%2F%2Fwww.w3.org%2F2000%2Fsvg%27%20width%3D%271500%27%20height%3D%27464%27%20viewBox%3D%270%200%201500%20464%27%3E%3Crect%20width%3D%271500%27%20height%3D%27464%27%20fill-opacity%3D%220%22%2F%3E%3C%2Fsvg%3E\" data-srcset=\"https:\/\/culturefoodblog.de\/wp-content\/uploads\/2011\/08\/vortraege_cs1-300x93.jpg 300w, https:\/\/culturefoodblog.de\/wp-content\/uploads\/2011\/08\/vortraege_cs1-600x186.jpg 600w, https:\/\/culturefoodblog.de\/wp-content\/uploads\/2011\/08\/vortraege_cs1-768x238.jpg 768w, https:\/\/culturefoodblog.de\/wp-content\/uploads\/2011\/08\/vortraege_cs1-1024x317.jpg 1024w, https:\/\/culturefoodblog.de\/wp-content\/uploads\/2011\/08\/vortraege_cs1.jpg 1500w\" data-sizes=\"auto\" data-orig-sizes=\"(max-width: 1500px) 100vw, 1500px\" \/><\/a><\/p>\n<p>Reden brauchen Humor und starke Bilder. Ich nutze eine aufwendige Pr\u00e4sentationstechnik mit Filmen und ungew\u00f6hnlichen Animationen. Ich spreche vorwiegend frei und ohne Manuskript, weil zwischen Bild- und Wortwelt eine kreative Spannung entstehen soll. Ansonsten: Lassen Sie sich \u00fcberraschen\u00a0und vertrauen Sie mir.<\/p>\n<h4>Themenfindung<\/h4>\n<p>Hier finden Sie Vortragsthemen f\u00fcr verschiedene Zielgruppen. Diese Vortragstitel sind als Vorschlag und Orientierung gedacht. Es ist auch m\u00f6glich, einzelne Elemente zu kombinieren oder Vortr\u00e4ge zu variieren. Im Rahmen eines Briefing-Gespr\u00e4ches k\u00f6nnen die Themen an den jeweiligen Anlass angepasst werden.<\/p>\n<p>Das nachfolgende Programm ist ein Auszug aus meinem Vortragsprogramm.<\/p>\n<p><strong>Vortragsanfragen, Buchungen und eine vollst\u00e4ndige Themen\u00fcbersicht mit all meinen Vortr\u00e4gen und Workshops zum Thema Lebensmittelkultur und Food-Trends finden Sie <a href=\"https:\/\/www.academy.clatu.com\/vortragsredner-und-vortraege-fuer-die-lebensmittel-und-getraenkebranche\/\" target=\"_blank\" rel=\"noopener\">\u2192 bei der CLATU Academy<\/a> \u00a0<\/strong><\/p>\n<h4 data-fontsize=\"16\" data-lineheight=\"26\"><span style=\"color: #ff6600;\"><br \/>\nVORTRAG 1:<\/span><\/h4>\n<p data-fontsize=\"16\" data-lineheight=\"26\"><strong>ERN\u00c4HRUNG, FOOD UND LEBENSMITTELKULTUR<\/strong><\/p>\n<ul>\n<li>Gesunde Ern\u00e4hrung ist kein Luxus<\/li>\n<li>Genfood und Bio Produkte unter der Lupe<\/li>\n<li>Wissen was man isst: Slowfood und Fastfood<\/li>\n<li>Wie\u00a0Slow Food regionale Produkte f\u00f6rdert und Produzenten vernetzt<\/li>\n<li>Pflichtfach: Gesundes Essen in Schulen<\/li>\n<li>Sch\u00f6n verpackt \u2013 um welchen Preis? Die bunte Welt der Lebensmittelverpackungen<\/li>\n<li>Siegt das Virtuelle \u00fcber die Realit\u00e4t? Medialisierte Nahrungszubereitung<\/li>\n<li>Verantwortlich und nachhaltig produzierte Lebensmittel \u2013 wo findet man die?<\/li>\n<li>Neue Chancen im Bio-Markt \u2013 vom regionalen Online-Marketing bis zu internationalen Vertriebsstrategien<\/li>\n<li>Teller statt Tonne \u2013 Lebensmittelverschwendung vermeiden<\/li>\n<li>Die Zukunft der Esskultur<\/li>\n<li>Fit durch gesunde Ern\u00e4hrung?\u00a0 Der Teufelskreis Fehlern\u00e4hrung<\/li>\n<li>Bio-Bluff und Nahrungsmittell\u00fcgen: Die Tricks der Foodkonzerne &#8211; vom\u00a0Fitnessriegel \u00fcber Alpenmilch bis zur Light-Salami<\/li>\n<li>Kommunikation im Weinhandel \u2013 wie Sie mit dem richtigen Weinmarketing\u00a0langfristige Kundenbeziehungen aufbauen<\/li>\n<li>Ist Gentechnik zu gut, um sie abzulehnen? \u00dcber die hellen Seiten der Saatgut-Multis<\/li>\n<li>Heimische Rohstoffsicherung durch Kooperationen mit regionalen Erzeugern<\/li>\n<\/ul>\n<p data-fontsize=\"16\" data-lineheight=\"26\"><strong><a href=\"https:\/\/culturefoodblog.de\/wp-content\/uploads\/2011\/08\/lebensmittelkulur_cf.jpg\"><img decoding=\"async\" class=\"lazyload alignnone size-full wp-image-5104\" src=\"https:\/\/culturefoodblog.de\/wp-content\/uploads\/2011\/08\/lebensmittelkulur_cf.jpg\" data-orig-src=\"https:\/\/culturefoodblog.de\/wp-content\/uploads\/2011\/08\/lebensmittelkulur_cf.jpg\" alt=\"lebensmittelkulur_cf\" width=\"1198\" height=\"768\" srcset=\"data:image\/svg+xml,%3Csvg%20xmlns%3D%27http%3A%2F%2Fwww.w3.org%2F2000%2Fsvg%27%20width%3D%271198%27%20height%3D%27768%27%20viewBox%3D%270%200%201198%20768%27%3E%3Crect%20width%3D%271198%27%20height%3D%27768%27%20fill-opacity%3D%220%22%2F%3E%3C%2Fsvg%3E\" data-srcset=\"https:\/\/culturefoodblog.de\/wp-content\/uploads\/2011\/08\/lebensmittelkulur_cf-300x192.jpg 300w, https:\/\/culturefoodblog.de\/wp-content\/uploads\/2011\/08\/lebensmittelkulur_cf-600x385.jpg 600w, https:\/\/culturefoodblog.de\/wp-content\/uploads\/2011\/08\/lebensmittelkulur_cf-768x492.jpg 768w, https:\/\/culturefoodblog.de\/wp-content\/uploads\/2011\/08\/lebensmittelkulur_cf-1024x656.jpg 1024w, https:\/\/culturefoodblog.de\/wp-content\/uploads\/2011\/08\/lebensmittelkulur_cf.jpg 1198w\" data-sizes=\"auto\" data-orig-sizes=\"(max-width: 1198px) 100vw, 1198px\" \/><\/a>\u00a0\u00a0<\/strong><\/p>\n<hr \/>\n<p data-fontsize=\"16\" data-lineheight=\"26\"><strong>\u00a0<\/strong><\/p>\n<h4 data-fontsize=\"16\" data-lineheight=\"26\"><span style=\"color: #ff6600;\">VORTRAG 2:<\/span><\/h4>\n<p data-fontsize=\"16\" data-lineheight=\"26\"><strong>FOOD PAIRING: WELCHER WEIN PASST ZU&#8230;?<\/strong><\/p>\n<p><a href=\"https:\/\/culturefoodblog.de\/wp-content\/uploads\/2011\/08\/culturefood_foodpairing1.jpg\"><img decoding=\"async\" class=\"lazyload alignnone size-full wp-image-5094\" src=\"https:\/\/culturefoodblog.de\/wp-content\/uploads\/2011\/08\/culturefood_foodpairing1.jpg\" data-orig-src=\"https:\/\/culturefoodblog.de\/wp-content\/uploads\/2011\/08\/culturefood_foodpairing1.jpg\" alt=\"culturefood_foodpairing1\" width=\"1035\" height=\"651\" srcset=\"data:image\/svg+xml,%3Csvg%20xmlns%3D%27http%3A%2F%2Fwww.w3.org%2F2000%2Fsvg%27%20width%3D%271035%27%20height%3D%27651%27%20viewBox%3D%270%200%201035%20651%27%3E%3Crect%20width%3D%271035%27%20height%3D%27651%27%20fill-opacity%3D%220%22%2F%3E%3C%2Fsvg%3E\" data-srcset=\"https:\/\/culturefoodblog.de\/wp-content\/uploads\/2011\/08\/culturefood_foodpairing1-240x150.jpg 240w, https:\/\/culturefoodblog.de\/wp-content\/uploads\/2011\/08\/culturefood_foodpairing1-300x189.jpg 300w, https:\/\/culturefoodblog.de\/wp-content\/uploads\/2011\/08\/culturefood_foodpairing1-600x377.jpg 600w, https:\/\/culturefoodblog.de\/wp-content\/uploads\/2011\/08\/culturefood_foodpairing1-768x483.jpg 768w, https:\/\/culturefoodblog.de\/wp-content\/uploads\/2011\/08\/culturefood_foodpairing1-1024x644.jpg 1024w, https:\/\/culturefoodblog.de\/wp-content\/uploads\/2011\/08\/culturefood_foodpairing1.jpg 1035w\" data-sizes=\"auto\" data-orig-sizes=\"(max-width: 1035px) 100vw, 1035px\" \/><\/a><\/p>\n<p>Die Frage nach der Kombination von Speisen und Wein stellen\u00a0sich l\u00e4ngst nicht mehr nur Sommeliers, K\u00f6che und ambitionierte Gastronomen. Heute sind es\u00a0vor allem Weinh\u00e4ndler und Aficionados, die wissen m\u00f6chten,\u00a0wie man &#8222;richtig&#8220; kombiniert. Mein Vortrag\u00a0f\u00fchrt verst\u00e4ndlich, unkompliziert und unterhaltsam in die Materie ein und r\u00e4umt mit l\u00e4ngst \u00fcberholten Weisheiten auf.\u00a0Erleben Sie vinophiles Entertainment und\u00a0Wein-Expertise vom Autor von \u2192 <a href=\"http:\/\/www.welcherweinzu.de\" target=\"_blank\" rel=\"noopener\">&#8218;WELCHER WEIN PASST ZU&#8216;<\/a>. Wertvolle Tipps f\u00fcr Weinh\u00e4ndler, dieses Wissen beim Kunden anzuwenden, gibt es ganz nebenbei.<\/p>\n<ul>\n<li>Worauf kommt es an, wenn Wein und Speisen im Mund aufeinandertreffen<\/li>\n<li>Wie\u00a0Haptik, Mundgef\u00fchl und Zubereitungsart den Geschmack beeinflussen<\/li>\n<li>Struktur und Textur<\/li>\n<li>Sensorik oder Sinnlichkeit?<\/li>\n<li>Harmonie und Kontraste in der Aromenwelt<\/li>\n<li>Einbindung von Kochprozessen<\/li>\n<li>Food &amp; Wine Pairing und das Marketing am POS<\/li>\n<\/ul>\n<p><a href=\"https:\/\/culturefoodblog.de\/wp-content\/uploads\/2011\/08\/culturefood_foodpairing2.jpg\"><img decoding=\"async\" class=\"lazyload alignnone size-full wp-image-5095\" src=\"https:\/\/culturefoodblog.de\/wp-content\/uploads\/2011\/08\/culturefood_foodpairing2.jpg\" data-orig-src=\"https:\/\/culturefoodblog.de\/wp-content\/uploads\/2011\/08\/culturefood_foodpairing2.jpg\" alt=\"culturefood_foodpairing2\" width=\"1035\" height=\"651\" srcset=\"data:image\/svg+xml,%3Csvg%20xmlns%3D%27http%3A%2F%2Fwww.w3.org%2F2000%2Fsvg%27%20width%3D%271035%27%20height%3D%27651%27%20viewBox%3D%270%200%201035%20651%27%3E%3Crect%20width%3D%271035%27%20height%3D%27651%27%20fill-opacity%3D%220%22%2F%3E%3C%2Fsvg%3E\" data-srcset=\"https:\/\/culturefoodblog.de\/wp-content\/uploads\/2011\/08\/culturefood_foodpairing2-240x150.jpg 240w, https:\/\/culturefoodblog.de\/wp-content\/uploads\/2011\/08\/culturefood_foodpairing2-300x189.jpg 300w, https:\/\/culturefoodblog.de\/wp-content\/uploads\/2011\/08\/culturefood_foodpairing2-600x377.jpg 600w, https:\/\/culturefoodblog.de\/wp-content\/uploads\/2011\/08\/culturefood_foodpairing2-768x483.jpg 768w, https:\/\/culturefoodblog.de\/wp-content\/uploads\/2011\/08\/culturefood_foodpairing2-1024x644.jpg 1024w, https:\/\/culturefoodblog.de\/wp-content\/uploads\/2011\/08\/culturefood_foodpairing2.jpg 1035w\" data-sizes=\"auto\" data-orig-sizes=\"(max-width: 1035px) 100vw, 1035px\" \/><\/a><\/p>\n<hr \/>\n<h4 data-fontsize=\"16\" data-lineheight=\"26\"><span style=\"color: #ff6600;\">VORTRAG 3:<\/span><\/h4>\n<p><strong>ZEIT F\u00dcR NEUE ANS\u00c4TZE:<\/strong><br \/>\n<strong> ONLINE MARKETING F\u00dcR DIE LEBENSMITTEL- UND WEINBRANCHE<\/strong><\/p>\n<ul>\n<li>Kundenbindung in Zeiten des Internets<\/li>\n<li>Mit einem Firmenblog neue Interessenten und Kunden gewinnen<\/li>\n<li>Ma\u00dfgeschneidertes Online-Marketing f\u00fcr Winzer und Weinh\u00e4ndler<\/li>\n<li>Neue Chancen im Bio-Markt \u2013 vom regionalen Online-Marketing bis zu internationalen Vertriebsstrategien<\/li>\n<li>Warum klassische Werbung heute nicht mehr funktioniert<\/li>\n<li>Kommunikation im Weinhandel \u2013 wie Sie mit dem richtigen Weinmarketing langfristige Kundenbeziehungen aufbauen<\/li>\n<li>Mit kleinem Budget bei Google auf die erste Seite<\/li>\n<li>Verstehen Sie nur Bahnhof wenn Sie Content Marketing, SEO, SEA, E-Mail,\u00a0Marketing, Paid Social Media und Landing Pages h\u00f6ren?<\/li>\n<li>Weniger Bla: Durch Nutzen und klare Aussagen zum Herz des Kunden<\/li>\n<\/ul>\n<p><a href=\"https:\/\/culturefoodblog.de\/wp-content\/uploads\/2011\/08\/onlinemarketing_fawc.jpg\"><img decoding=\"async\" class=\"lazyload alignnone size-full wp-image-5102\" src=\"https:\/\/culturefoodblog.de\/wp-content\/uploads\/2011\/08\/onlinemarketing_fawc.jpg\" data-orig-src=\"https:\/\/culturefoodblog.de\/wp-content\/uploads\/2011\/08\/onlinemarketing_fawc.jpg\" alt=\"onlinemarketing_fawc\" width=\"1000\" height=\"842\" srcset=\"data:image\/svg+xml,%3Csvg%20xmlns%3D%27http%3A%2F%2Fwww.w3.org%2F2000%2Fsvg%27%20width%3D%271000%27%20height%3D%27842%27%20viewBox%3D%270%200%201000%20842%27%3E%3Crect%20width%3D%271000%27%20height%3D%27842%27%20fill-opacity%3D%220%22%2F%3E%3C%2Fsvg%3E\" data-srcset=\"https:\/\/culturefoodblog.de\/wp-content\/uploads\/2011\/08\/onlinemarketing_fawc-300x253.jpg 300w, https:\/\/culturefoodblog.de\/wp-content\/uploads\/2011\/08\/onlinemarketing_fawc-600x505.jpg 600w, https:\/\/culturefoodblog.de\/wp-content\/uploads\/2011\/08\/onlinemarketing_fawc-768x647.jpg 768w, https:\/\/culturefoodblog.de\/wp-content\/uploads\/2011\/08\/onlinemarketing_fawc.jpg 1000w\" data-sizes=\"auto\" data-orig-sizes=\"(max-width: 1000px) 100vw, 1000px\" \/><\/a><\/p>\n<hr \/>\n<h4><\/h4>\n<h4>Vortragsanfrage<\/h4>\n<p>Lassen Sie uns dar\u00fcber sprechen, welcher Vortrag f\u00fcr Sie am spannendsten ist oder am besten passt.<\/p>\n<p>Sie brauchen noch weitere Infos, Details oder m\u00f6chten im Vorfeld ein paar Fragen stellen? Sehr gerne. Kontaktieren Sie mich bitte<\/p>\n<p>per Mail \u2192 cs@clatu.com<br \/>\noder telefonisch unter \u2192 06228 9139462<\/p>\n<p>Vorab-Informationen auch \u00fcber die <a href=\"https:\/\/www.academy.clatu.com\/vortragsredner-und-vortraege-fuer-die-lebensmittel-und-getraenkebranche\/\" target=\"_blank\" rel=\"noopener\">\u2192 CLATU Academy<\/a><\/p>\n<p>Ich freue mich, wenn wir dazu ins Gespr\u00e4ch kommen.<\/p>\n<hr \/>\n<h4 data-fontsize=\"16\" data-lineheight=\"26\"><span style=\"color: #ff6600;\">FAQ<\/span><\/h4>\n<p><strong>Warum Cyriacus Schultze?<\/strong><\/p>\n<p>Spannende, informative und optimistische Vortr\u00e4ge f\u00fcr Entscheider,\u00a0F\u00fchrungskr\u00e4fte, Fachh\u00e4ndler und f\u00fcr alle, die von einem erfahrenen Branchenkollegen neue Anregungen erhalten wollen. Plastische Beispiele kombiniert mit Verkostungen und Proben machen seine Vortr\u00e4ge zu Erlebnissen, die nachwirken. Seine kraftvollen Impulse sind sofort umsetzbar.<\/p>\n<p><strong>Weil er authentisch \u00fcber seine Erfolgsfaktoren spricht<\/strong><\/p>\n<p>Cyriacus Schultze ist selbst Unternehmer und kennt die Bed\u00fcrfnisse von mittelst\u00e4ndischen Betrieben und Handelsunternehmen, wie Ihrem, ganz genau. In seinen Vortr\u00e4gen authentisch zu sein, ist f\u00fcr ihn kein Luxus, sondern Selbstverst\u00e4ndlichkeit. Nicht mehr als 30 Vortr\u00e4ge im Jahr garantieren au\u00dferdem einen hohen Grad an Alleinstellung.<\/p>\n<p><strong>Weil er mit den Zuh\u00f6rern entscheidende Erfahrungen teilt<\/strong><\/p>\n<p>In der Wein- oder Nahrungsmittelbranche, im LEH und im Fachhandel und oft auch in der Gastronomie und im Catering sind die gleichen Schl\u00fcsselkompetenzen gefragt. Schultze kennt diese Perspektiven und l\u00e4sst die Zuh\u00f6rer mit angemessener Expertise\u00a0aus 30 Berufsjahren\u00a0an seinen Erfahrungen intensiv teilhaben.<\/p>\n<p><strong>Ihr Gewinn<\/strong><\/p>\n<p>Berufliche Weiterbildung. Wertvolles Insiderwissen. Anregende und neue Impulse f\u00fcr die Teilnehmer. Spannende Themenauswahl, speziell f\u00fcr die Branchen F&amp;B, Bio, Lebensmittel, Wein und Gastronomie.<\/p>","protected":false},"excerpt":{"rendered":"<p>Vortr\u00e4ge \u00fcber verantwortungsbewusste Lebensmittelproduktion, Lebensmittelkultur, Wein und passende Speisen, Food Pairing und \u00fcber Onlinemarketing f\u00fcr<\/p>","protected":false},"author":1,"featured_media":4528,"comment_status":"closed","ping_status":"open","sticky":false,"template":"","format":"standard","meta":{"footnotes":""},"categories":[69],"tags":[],"class_list":["post-680","post","type-post","status-publish","format-standard","has-post-thumbnail","hentry","category-themen"],"yoast_head":"<!-- This site is optimized with the Yoast SEO plugin v25.4 - https:\/\/yoast.com\/wordpress\/plugins\/seo\/ -->\n<title>BRILLANTE VORTR\u00c4GE UND GENUSSVOLLE SEMINARE - Culture Food Blog - Familie, Freunde &amp; Food<\/title>\n<meta name=\"robots\" content=\"index, follow, max-snippet:-1, max-image-preview:large, max-video-preview:-1\" \/>\n<link rel=\"canonical\" href=\"https:\/\/culturefoodblog.de\/en\/vortraege\/\" \/>\n<meta property=\"og:locale\" content=\"en_GB\" \/>\n<meta property=\"og:type\" content=\"article\" \/>\n<meta property=\"og:title\" content=\"BRILLANTE VORTR\u00c4GE UND GENUSSVOLLE SEMINARE - Culture Food Blog - Familie, Freunde &amp; Food\" \/>\n<meta property=\"og:description\" content=\"Vortr\u00e4ge \u00fcber verantwortungsbewusste Lebensmittelproduktion, Lebensmittelkultur, Wein und passende Speisen, Food Pairing und \u00fcber Onlinemarketing f\u00fcr\" \/>\n<meta property=\"og:url\" content=\"https:\/\/culturefoodblog.de\/en\/vortraege\/\" \/>\n<meta property=\"og:site_name\" content=\"Culture Food Blog - Familie, Freunde &amp; Food\" \/>\n<meta property=\"article:publisher\" content=\"https:\/\/www.facebook.com\/culturefoodblog\" \/>\n<meta property=\"article:published_time\" content=\"2011-08-08T15:24:20+00:00\" \/>\n<meta property=\"article:modified_time\" content=\"2023-09-14T08:25:49+00:00\" \/>\n<meta property=\"og:image\" content=\"https:\/\/culturefoodblog.de\/wp-content\/uploads\/2016\/09\/konferenz_culture2.jpg\" \/>\n\t<meta property=\"og:image:width\" content=\"800\" \/>\n\t<meta property=\"og:image:height\" content=\"600\" \/>\n\t<meta property=\"og:image:type\" content=\"image\/jpeg\" \/>\n<meta name=\"author\" content=\"Culture Foodblog\" \/>\n<meta name=\"twitter:card\" content=\"summary_large_image\" \/>\n<meta name=\"twitter:label1\" content=\"Written by\" \/>\n\t<meta name=\"twitter:data1\" content=\"Culture Foodblog\" \/>\n\t<meta name=\"twitter:label2\" content=\"Estimated reading time\" \/>\n\t<meta name=\"twitter:data2\" content=\"5 minutes\" \/>\n<script type=\"application\/ld+json\" class=\"yoast-schema-graph\">{\"@context\":\"https:\/\/schema.org\",\"@graph\":[{\"@type\":\"WebPage\",\"@id\":\"https:\/\/culturefoodblog.de\/vortraege\/\",\"url\":\"https:\/\/culturefoodblog.de\/vortraege\/\",\"name\":\"BRILLANTE VORTR\u00c4GE UND GENUSSVOLLE SEMINARE - Culture Food Blog - Familie, Freunde &amp; Food\",\"isPartOf\":{\"@id\":\"https:\/\/culturefoodblog.de\/#website\"},\"primaryImageOfPage\":{\"@id\":\"https:\/\/culturefoodblog.de\/vortraege\/#primaryimage\"},\"image\":{\"@id\":\"https:\/\/culturefoodblog.de\/vortraege\/#primaryimage\"},\"thumbnailUrl\":\"https:\/\/culturefoodblog.de\/wp-content\/uploads\/2016\/09\/konferenz_culture2.jpg\",\"datePublished\":\"2011-08-08T15:24:20+00:00\",\"dateModified\":\"2023-09-14T08:25:49+00:00\",\"author\":{\"@id\":\"https:\/\/culturefoodblog.de\/#\/schema\/person\/9110d3d09672230ca0f3ec895f04e4a1\"},\"breadcrumb\":{\"@id\":\"https:\/\/culturefoodblog.de\/vortraege\/#breadcrumb\"},\"inLanguage\":\"en-GB\",\"potentialAction\":[{\"@type\":\"ReadAction\",\"target\":[\"https:\/\/culturefoodblog.de\/vortraege\/\"]}]},{\"@type\":\"ImageObject\",\"inLanguage\":\"en-GB\",\"@id\":\"https:\/\/culturefoodblog.de\/vortraege\/#primaryimage\",\"url\":\"https:\/\/culturefoodblog.de\/wp-content\/uploads\/2016\/09\/konferenz_culture2.jpg\",\"contentUrl\":\"https:\/\/culturefoodblog.de\/wp-content\/uploads\/2016\/09\/konferenz_culture2.jpg\",\"width\":800,\"height\":600},{\"@type\":\"BreadcrumbList\",\"@id\":\"https:\/\/culturefoodblog.de\/vortraege\/#breadcrumb\",\"itemListElement\":[{\"@type\":\"ListItem\",\"position\":1,\"name\":\"Startseite\",\"item\":\"https:\/\/culturefoodblog.de\/\"},{\"@type\":\"ListItem\",\"position\":2,\"name\":\"BRILLANTE VORTR\u00c4GE UND GENUSSVOLLE SEMINARE\"}]},{\"@type\":\"WebSite\",\"@id\":\"https:\/\/culturefoodblog.de\/#website\",\"url\":\"https:\/\/culturefoodblog.de\/\",\"name\":\"Culture Food Blog - Familie, Freunde & Food\",\"description\":\"Ein kulinarisches Tagebuch f\u00fcr Genie\u00dfer\",\"potentialAction\":[{\"@type\":\"SearchAction\",\"target\":{\"@type\":\"EntryPoint\",\"urlTemplate\":\"https:\/\/culturefoodblog.de\/?s={search_term_string}\"},\"query-input\":{\"@type\":\"PropertyValueSpecification\",\"valueRequired\":true,\"valueName\":\"search_term_string\"}}],\"inLanguage\":\"en-GB\"},{\"@type\":\"Person\",\"@id\":\"https:\/\/culturefoodblog.de\/#\/schema\/person\/9110d3d09672230ca0f3ec895f04e4a1\",\"name\":\"Culture Foodblog\",\"url\":\"https:\/\/culturefoodblog.de\/en\/author\/culturefood\/\"}]}<\/script>\n<!-- \/ Yoast SEO plugin. -->","yoast_head_json":{"title":"BRILLANTE VORTR\u00c4GE UND GENUSSVOLLE SEMINARE - Culture Food Blog - Familie, Freunde &amp; Food","robots":{"index":"index","follow":"follow","max-snippet":"max-snippet:-1","max-image-preview":"max-image-preview:large","max-video-preview":"max-video-preview:-1"},"canonical":"https:\/\/culturefoodblog.de\/en\/vortraege\/","og_locale":"en_GB","og_type":"article","og_title":"BRILLANTE VORTR\u00c4GE UND GENUSSVOLLE SEMINARE - Culture Food Blog - Familie, Freunde &amp; Food","og_description":"Vortr\u00e4ge \u00fcber verantwortungsbewusste Lebensmittelproduktion, Lebensmittelkultur, Wein und passende Speisen, Food Pairing und \u00fcber Onlinemarketing f\u00fcr","og_url":"https:\/\/culturefoodblog.de\/en\/vortraege\/","og_site_name":"Culture Food Blog - Familie, Freunde &amp; Food","article_publisher":"https:\/\/www.facebook.com\/culturefoodblog","article_published_time":"2011-08-08T15:24:20+00:00","article_modified_time":"2023-09-14T08:25:49+00:00","og_image":[{"width":800,"height":600,"url":"https:\/\/culturefoodblog.de\/wp-content\/uploads\/2016\/09\/konferenz_culture2.jpg","type":"image\/jpeg"}],"author":"Culture Foodblog","twitter_card":"summary_large_image","twitter_misc":{"Written by":"Culture Foodblog","Estimated reading time":"5 minutes"},"schema":{"@context":"https:\/\/schema.org","@graph":[{"@type":"WebPage","@id":"https:\/\/culturefoodblog.de\/vortraege\/","url":"https:\/\/culturefoodblog.de\/vortraege\/","name":"BRILLANTE VORTR\u00c4GE UND GENUSSVOLLE SEMINARE - Culture Food Blog - Familie, Freunde &amp; Food","isPartOf":{"@id":"https:\/\/culturefoodblog.de\/#website"},"primaryImageOfPage":{"@id":"https:\/\/culturefoodblog.de\/vortraege\/#primaryimage"},"image":{"@id":"https:\/\/culturefoodblog.de\/vortraege\/#primaryimage"},"thumbnailUrl":"https:\/\/culturefoodblog.de\/wp-content\/uploads\/2016\/09\/konferenz_culture2.jpg","datePublished":"2011-08-08T15:24:20+00:00","dateModified":"2023-09-14T08:25:49+00:00","author":{"@id":"https:\/\/culturefoodblog.de\/#\/schema\/person\/9110d3d09672230ca0f3ec895f04e4a1"},"breadcrumb":{"@id":"https:\/\/culturefoodblog.de\/vortraege\/#breadcrumb"},"inLanguage":"en-GB","potentialAction":[{"@type":"ReadAction","target":["https:\/\/culturefoodblog.de\/vortraege\/"]}]},{"@type":"ImageObject","inLanguage":"en-GB","@id":"https:\/\/culturefoodblog.de\/vortraege\/#primaryimage","url":"https:\/\/culturefoodblog.de\/wp-content\/uploads\/2016\/09\/konferenz_culture2.jpg","contentUrl":"https:\/\/culturefoodblog.de\/wp-content\/uploads\/2016\/09\/konferenz_culture2.jpg","width":800,"height":600},{"@type":"BreadcrumbList","@id":"https:\/\/culturefoodblog.de\/vortraege\/#breadcrumb","itemListElement":[{"@type":"ListItem","position":1,"name":"Startseite","item":"https:\/\/culturefoodblog.de\/"},{"@type":"ListItem","position":2,"name":"BRILLANTE VORTR\u00c4GE UND GENUSSVOLLE SEMINARE"}]},{"@type":"WebSite","@id":"https:\/\/culturefoodblog.de\/#website","url":"https:\/\/culturefoodblog.de\/","name":"Culture Food Blog - Familie, Freunde & Food","description":"Ein kulinarisches Tagebuch f\u00fcr Genie\u00dfer","potentialAction":[{"@type":"SearchAction","target":{"@type":"EntryPoint","urlTemplate":"https:\/\/culturefoodblog.de\/?s={search_term_string}"},"query-input":{"@type":"PropertyValueSpecification","valueRequired":true,"valueName":"search_term_string"}}],"inLanguage":"en-GB"},{"@type":"Person","@id":"https:\/\/culturefoodblog.de\/#\/schema\/person\/9110d3d09672230ca0f3ec895f04e4a1","name":"Culture Foodblog","url":"https:\/\/culturefoodblog.de\/en\/author\/culturefood\/"}]}},"_links":{"self":[{"href":"https:\/\/culturefoodblog.de\/en\/wp-json\/wp\/v2\/posts\/680","targetHints":{"allow":["GET"]}}],"collection":[{"href":"https:\/\/culturefoodblog.de\/en\/wp-json\/wp\/v2\/posts"}],"about":[{"href":"https:\/\/culturefoodblog.de\/en\/wp-json\/wp\/v2\/types\/post"}],"author":[{"embeddable":true,"href":"https:\/\/culturefoodblog.de\/en\/wp-json\/wp\/v2\/users\/1"}],"replies":[{"embeddable":true,"href":"https:\/\/culturefoodblog.de\/en\/wp-json\/wp\/v2\/comments?post=680"}],"version-history":[{"count":43,"href":"https:\/\/culturefoodblog.de\/en\/wp-json\/wp\/v2\/posts\/680\/revisions"}],"predecessor-version":[{"id":7347,"href":"https:\/\/culturefoodblog.de\/en\/wp-json\/wp\/v2\/posts\/680\/revisions\/7347"}],"wp:featuredmedia":[{"embeddable":true,"href":"https:\/\/culturefoodblog.de\/en\/wp-json\/wp\/v2\/media\/4528"}],"wp:attachment":[{"href":"https:\/\/culturefoodblog.de\/en\/wp-json\/wp\/v2\/media?parent=680"}],"wp:term":[{"taxonomy":"category","embeddable":true,"href":"https:\/\/culturefoodblog.de\/en\/wp-json\/wp\/v2\/categories?post=680"},{"taxonomy":"post_tag","embeddable":true,"href":"https:\/\/culturefoodblog.de\/en\/wp-json\/wp\/v2\/tags?post=680"}],"curies":[{"name":"wp","href":"https:\/\/api.w.org\/{rel}","templated":true}]}}