{"id":6561,"date":"2021-03-01T12:13:38","date_gmt":"2021-03-01T11:13:38","guid":{"rendered":"https:\/\/culturefoodblog.de\/?p=6561"},"modified":"2025-04-24T17:59:53","modified_gmt":"2025-04-24T15:59:53","slug":"profiteroles_windbeutel","status":"publish","type":"post","link":"https:\/\/culturefoodblog.de\/en\/profiteroles_windbeutel\/","title":{"rendered":"Profiteroles &#038; \u00c9claires au chocolat"},"content":{"rendered":"<h4 class=\"wp-block-heading\">S\u00fcndig s\u00fc\u00dfe Mini-Windbeutel <\/h4>\n\n\n\n<div class=\"wp-block-image\"><figure class=\"aligncenter size-large\"><img decoding=\"async\" width=\"1024\" height=\"698\" src=\"https:\/\/culturefoodblog.de\/wp-content\/uploads\/2021\/03\/courtesans_au_choc-1024x698.jpg\" data-orig-src=\"https:\/\/culturefoodblog.de\/wp-content\/uploads\/2021\/03\/courtesans_au_choc-1024x698.jpg\" alt=\"\" class=\"lazyload wp-image-6575\" srcset=\"data:image\/svg+xml,%3Csvg%20xmlns%3D%27http%3A%2F%2Fwww.w3.org%2F2000%2Fsvg%27%20width%3D%271024%27%20height%3D%27698%27%20viewBox%3D%270%200%201024%20698%27%3E%3Crect%20width%3D%271024%27%20height%3D%27698%27%20fill-opacity%3D%220%22%2F%3E%3C%2Fsvg%3E\" data-srcset=\"https:\/\/culturefoodblog.de\/wp-content\/uploads\/2021\/03\/courtesans_au_choc-300x205.jpg 300w, https:\/\/culturefoodblog.de\/wp-content\/uploads\/2021\/03\/courtesans_au_choc-600x409.jpg 600w, https:\/\/culturefoodblog.de\/wp-content\/uploads\/2021\/03\/courtesans_au_choc-768x524.jpg 768w, https:\/\/culturefoodblog.de\/wp-content\/uploads\/2021\/03\/courtesans_au_choc-1024x698.jpg 1024w, https:\/\/culturefoodblog.de\/wp-content\/uploads\/2021\/03\/courtesans_au_choc.jpg 1500w\" data-sizes=\"auto\" data-orig-sizes=\"(max-width: 1024px) 100vw, 1024px\" \/><\/figure><\/div>\n\n\n\n<div style=\"height:64px\" aria-hidden=\"true\" class=\"wp-block-spacer\"><\/div>\n\n\n\n<p>In Wes Anderson&#8217;s wunderbarem Film <em>The Grand Budapest Hotel<\/em> produziert die fiktive B\u00e4ckerei MENDL &#8222;Courtesans au Chocolat&#8220; &#8211; kunstvoll arrangierte und mit buntem Zuckerguss verzierte T\u00fcrmchen aus gef\u00fcllten Windbeuteln (basierend auf dem Rezept f\u00fcr <a href=\"https:\/\/fr.wikipedia.org\/wiki\/Religieuse_(p\u00e2tisserie)\" target=\"_blank\" rel=\"noreferrer noopener\">\u2192 Religieuses<\/a>). F\u00fcr all jene, die diese aufwendige Spezialit\u00e4t aus Profiteroles nachbacken m\u00f6chten, empfehle ich <a href=\"https:\/\/www.bingingwithbabish.com\/recipes\/2017\/8\/15\/ccourtesan-au-chocolat\" target=\"_blank\" rel=\"noreferrer noopener\">\u2192 diese Videoanleitung<\/a>. F\u00fcr alle anderen gibt es hier das traditionelle Rezept, das mit einem <em>puff dough<\/em> oder <em>p\u00e2te \u00e0 choux<\/em>, also einem Brandteig, gemacht wird.<\/p>\n\n\n\n<p>\u00dcbrigens: Im 17. Jahrhundert verstand man unter Profiteroles hohle Br\u00f6tchen, die mit Kalbsbries, Tr\u00fcffeln, Artischockenherzen, Pilzen, Rebhuhn und Fasan gef\u00fcllt waren.  Die s\u00fc\u00dfe Variante, wie wir sie heute kennen, kam erst viel sp\u00e4ter; das erste Rezept stammt von Marie-Antoine Car\u00eame, der in seinem Buch <em>Le Cuisinier royal parisien<\/em> (1828) ein Rezept f\u00fcr Schokoladen-Profiteroles notierte. Danach begann der weltweite Siegeszug. W\u00e4hrend in Deutschland vor allem gro\u00dfe Windbeutel serviert werden (h\u00e4lftig aufgeschnitten und mit Schlagsahne gef\u00fcllt), werden die deutlich kleineren Profiteroles in Frankreich mit einer feinen Vanille oder Schokoladencr\u00e8me gef\u00fcllt und einzeln verspeist. In Norditalien baut man die Profiterolles zu einer kleinen Pyramide auf, \u00fcbergie\u00dft sie mit fl\u00fcssiger, dunkler Schokolade und verziert sie danach mit Schlagsahne. Je weiter man in den S\u00fcden oder in w\u00e4rmere L\u00e4nder reist, desto seltener wird eine Cr\u00e8mef\u00fcllung oder Schlagsahne verwendet, sondern es kommt statt dessen Vanille- oder Schokoladeneis zum Einsatz. <\/p>\n\n\n\n<figure class=\"wp-block-image size-large\"><img decoding=\"async\" width=\"1024\" height=\"698\" src=\"https:\/\/culturefoodblog.de\/wp-content\/uploads\/2021\/03\/courtesans_2choc-1024x698.jpg\" data-orig-src=\"https:\/\/culturefoodblog.de\/wp-content\/uploads\/2021\/03\/courtesans_2choc-1024x698.jpg\" alt=\"\" class=\"lazyload wp-image-6576\" srcset=\"data:image\/svg+xml,%3Csvg%20xmlns%3D%27http%3A%2F%2Fwww.w3.org%2F2000%2Fsvg%27%20width%3D%271024%27%20height%3D%27698%27%20viewBox%3D%270%200%201024%20698%27%3E%3Crect%20width%3D%271024%27%20height%3D%27698%27%20fill-opacity%3D%220%22%2F%3E%3C%2Fsvg%3E\" data-srcset=\"https:\/\/culturefoodblog.de\/wp-content\/uploads\/2021\/03\/courtesans_2choc-300x205.jpg 300w, https:\/\/culturefoodblog.de\/wp-content\/uploads\/2021\/03\/courtesans_2choc-600x409.jpg 600w, https:\/\/culturefoodblog.de\/wp-content\/uploads\/2021\/03\/courtesans_2choc-768x524.jpg 768w, https:\/\/culturefoodblog.de\/wp-content\/uploads\/2021\/03\/courtesans_2choc-1024x698.jpg 1024w, https:\/\/culturefoodblog.de\/wp-content\/uploads\/2021\/03\/courtesans_2choc.jpg 1500w\" data-sizes=\"auto\" data-orig-sizes=\"(max-width: 1024px) 100vw, 1024px\" \/><\/figure>\n\n\n\n<div style=\"height:64px\" aria-hidden=\"true\" class=\"wp-block-spacer\"><\/div>\n\n\n\n<div class=\"wp-block-image\"><figure class=\"aligncenter size-large\"><img decoding=\"async\" width=\"578\" height=\"140\" src=\"https:\/\/culturefoodblog.de\/wp-content\/uploads\/2020\/05\/Kochl\u00f6ffel-trenner.jpg\" data-orig-src=\"https:\/\/culturefoodblog.de\/wp-content\/uploads\/2020\/05\/Kochl\u00f6ffel-trenner.jpg\" alt=\"\" class=\"lazyload wp-image-5876\" srcset=\"data:image\/svg+xml,%3Csvg%20xmlns%3D%27http%3A%2F%2Fwww.w3.org%2F2000%2Fsvg%27%20width%3D%27578%27%20height%3D%27140%27%20viewBox%3D%270%200%20578%20140%27%3E%3Crect%20width%3D%27578%27%20height%3D%27140%27%20fill-opacity%3D%220%22%2F%3E%3C%2Fsvg%3E\" data-srcset=\"https:\/\/culturefoodblog.de\/wp-content\/uploads\/2020\/05\/Kochl\u00f6ffel-trenner-300x73.jpg 300w, https:\/\/culturefoodblog.de\/wp-content\/uploads\/2020\/05\/Kochl\u00f6ffel-trenner.jpg 578w\" data-sizes=\"auto\" data-orig-sizes=\"(max-width: 578px) 100vw, 578px\" \/><\/figure><\/div>\n\n\n\n<h3 class=\"wp-block-heading\">Profiteroles-Rezept<\/h3>\n\n\n\n<p class=\"has-small-font-size\"><em>f\u00fcr ca. 25-35 St\u00fcck, je nach Gr\u00f6\u00dfe  <\/em><\/p>\n\n\n\n<ul class=\"wp-block-list\"><li>Brandteig nach \u2192 <a href=\"https:\/\/culturefoodblog.de\/en\/brandteig\/\" target=\"_blank\" rel=\"noreferrer noopener\">diesem Rezept <\/a> fertig im Dressier-\/Spritzbeutel <\/li><\/ul>\n\n\n\n<p>Die Schokoladencr\u00e8me bereitet man am besten einen Tag im Voraus zu, da sie vollst\u00e4ndig heruntergek\u00fchlt sein muss, bevor man sie in die Profiteroles f\u00fcllt.<\/p>\n\n\n\n<ul class=\"wp-block-list\"><li>50 g Zucker<\/li><li>1 EL Mehl Type 405<\/li><li>2 geh\u00e4ufte EL Maisst\u00e4rke (Maizena, Gustin, etc.) <\/li><li>3 Eigelb<\/li><li>650 ml Milch<\/li><li>250 g geteilte Bitter-Kuvert\u00fcre oder dunkle Callets mit &gt; 60% Kakao Anteil<\/li><\/ul>\n\n\n\n<p>Profiteroles schmecken auch mit anderen F\u00fcllungen wie beispielsweise Vanille-, Zitronen- oder Amarettocr\u00e8me, Fruchtp\u00fcrees, Eis, Pudding oder einfache Schlagsahne.<\/p>\n\n\n\n<figure class=\"wp-block-image size-large\"><a href=\"https:\/\/culturefoodblog.de\/wp-content\/uploads\/2021\/03\/profiteroles2.jpg\"><img decoding=\"async\" width=\"1024\" height=\"698\" src=\"https:\/\/culturefoodblog.de\/wp-content\/uploads\/2021\/03\/profiteroles2-1024x698.jpg\" data-orig-src=\"https:\/\/culturefoodblog.de\/wp-content\/uploads\/2021\/03\/profiteroles2-1024x698.jpg\" alt=\"\" class=\"lazyload wp-image-6578\" srcset=\"data:image\/svg+xml,%3Csvg%20xmlns%3D%27http%3A%2F%2Fwww.w3.org%2F2000%2Fsvg%27%20width%3D%271024%27%20height%3D%27698%27%20viewBox%3D%270%200%201024%20698%27%3E%3Crect%20width%3D%271024%27%20height%3D%27698%27%20fill-opacity%3D%220%22%2F%3E%3C%2Fsvg%3E\" data-srcset=\"https:\/\/culturefoodblog.de\/wp-content\/uploads\/2021\/03\/profiteroles2-300x205.jpg 300w, https:\/\/culturefoodblog.de\/wp-content\/uploads\/2021\/03\/profiteroles2-600x409.jpg 600w, https:\/\/culturefoodblog.de\/wp-content\/uploads\/2021\/03\/profiteroles2-768x524.jpg 768w, https:\/\/culturefoodblog.de\/wp-content\/uploads\/2021\/03\/profiteroles2-1024x698.jpg 1024w, https:\/\/culturefoodblog.de\/wp-content\/uploads\/2021\/03\/profiteroles2.jpg 1500w\" data-sizes=\"auto\" data-orig-sizes=\"(max-width: 1024px) 100vw, 1024px\" \/><\/a><\/figure>\n\n\n\n<figure class=\"wp-block-image size-large\"><a href=\"https:\/\/culturefoodblog.de\/wp-content\/uploads\/2021\/03\/profiteroles6.jpg\"><img decoding=\"async\" width=\"1024\" height=\"698\" src=\"https:\/\/culturefoodblog.de\/wp-content\/uploads\/2021\/03\/profiteroles6-1024x698.jpg\" data-orig-src=\"https:\/\/culturefoodblog.de\/wp-content\/uploads\/2021\/03\/profiteroles6-1024x698.jpg\" alt=\"\" class=\"lazyload wp-image-6579\" srcset=\"data:image\/svg+xml,%3Csvg%20xmlns%3D%27http%3A%2F%2Fwww.w3.org%2F2000%2Fsvg%27%20width%3D%271024%27%20height%3D%27698%27%20viewBox%3D%270%200%201024%20698%27%3E%3Crect%20width%3D%271024%27%20height%3D%27698%27%20fill-opacity%3D%220%22%2F%3E%3C%2Fsvg%3E\" data-srcset=\"https:\/\/culturefoodblog.de\/wp-content\/uploads\/2021\/03\/profiteroles6-300x205.jpg 300w, https:\/\/culturefoodblog.de\/wp-content\/uploads\/2021\/03\/profiteroles6-600x409.jpg 600w, https:\/\/culturefoodblog.de\/wp-content\/uploads\/2021\/03\/profiteroles6-768x524.jpg 768w, https:\/\/culturefoodblog.de\/wp-content\/uploads\/2021\/03\/profiteroles6-1024x698.jpg 1024w, https:\/\/culturefoodblog.de\/wp-content\/uploads\/2021\/03\/profiteroles6.jpg 1500w\" data-sizes=\"auto\" data-orig-sizes=\"(max-width: 1024px) 100vw, 1024px\" \/><\/a><\/figure>\n\n\n\n<figure class=\"wp-block-image size-large\"><a href=\"https:\/\/culturefoodblog.de\/wp-content\/uploads\/2021\/03\/profiteroles8.jpg\"><img decoding=\"async\" width=\"1024\" height=\"698\" src=\"https:\/\/culturefoodblog.de\/wp-content\/uploads\/2021\/03\/profiteroles8-1024x698.jpg\" data-orig-src=\"https:\/\/culturefoodblog.de\/wp-content\/uploads\/2021\/03\/profiteroles8-1024x698.jpg\" alt=\"\" class=\"lazyload wp-image-6591\" srcset=\"data:image\/svg+xml,%3Csvg%20xmlns%3D%27http%3A%2F%2Fwww.w3.org%2F2000%2Fsvg%27%20width%3D%271024%27%20height%3D%27698%27%20viewBox%3D%270%200%201024%20698%27%3E%3Crect%20width%3D%271024%27%20height%3D%27698%27%20fill-opacity%3D%220%22%2F%3E%3C%2Fsvg%3E\" data-srcset=\"https:\/\/culturefoodblog.de\/wp-content\/uploads\/2021\/03\/profiteroles8-300x205.jpg 300w, https:\/\/culturefoodblog.de\/wp-content\/uploads\/2021\/03\/profiteroles8-600x409.jpg 600w, https:\/\/culturefoodblog.de\/wp-content\/uploads\/2021\/03\/profiteroles8-768x524.jpg 768w, https:\/\/culturefoodblog.de\/wp-content\/uploads\/2021\/03\/profiteroles8-1024x698.jpg 1024w, https:\/\/culturefoodblog.de\/wp-content\/uploads\/2021\/03\/profiteroles8.jpg 1500w\" data-sizes=\"auto\" data-orig-sizes=\"(max-width: 1024px) 100vw, 1024px\" \/><\/a><\/figure>\n\n\n\n<div class=\"wp-block-image\"><figure class=\"aligncenter size-large\"><img decoding=\"async\" width=\"578\" height=\"140\" src=\"https:\/\/culturefoodblog.de\/wp-content\/uploads\/2020\/05\/Kochl\u00f6ffel-trenner.jpg\" data-orig-src=\"https:\/\/culturefoodblog.de\/wp-content\/uploads\/2020\/05\/Kochl\u00f6ffel-trenner.jpg\" alt=\"\" class=\"lazyload wp-image-5876\" srcset=\"data:image\/svg+xml,%3Csvg%20xmlns%3D%27http%3A%2F%2Fwww.w3.org%2F2000%2Fsvg%27%20width%3D%27578%27%20height%3D%27140%27%20viewBox%3D%270%200%20578%20140%27%3E%3Crect%20width%3D%27578%27%20height%3D%27140%27%20fill-opacity%3D%220%22%2F%3E%3C%2Fsvg%3E\" data-srcset=\"https:\/\/culturefoodblog.de\/wp-content\/uploads\/2020\/05\/Kochl\u00f6ffel-trenner-300x73.jpg 300w, https:\/\/culturefoodblog.de\/wp-content\/uploads\/2020\/05\/Kochl\u00f6ffel-trenner.jpg 578w\" data-sizes=\"auto\" data-orig-sizes=\"(max-width: 578px) 100vw, 578px\" \/><\/figure><\/div>\n\n\n\n<p><strong>Schritt 1<\/strong><br>Zuerst wird die Cr\u00e8mef\u00fcllung hergestellt, die noch abk\u00fchlen und stocken muss. Dabei handelt es sich um eine klassische Konditorcreme oder cr\u00e8me p\u00e2tissi\u00e8re. Zucker, Mehl, Maisst\u00e4rke und Eigelb werden zu einer homogenen Paste verarbeitet. <\/p>\n\n\n\n<figure class=\"wp-block-image size-large\"><a href=\"https:\/\/culturefoodblog.de\/wp-content\/uploads\/2021\/03\/creme1.jpg\"><img decoding=\"async\" width=\"1024\" height=\"698\" src=\"https:\/\/culturefoodblog.de\/wp-content\/uploads\/2021\/03\/creme1-1024x698.jpg\" data-orig-src=\"https:\/\/culturefoodblog.de\/wp-content\/uploads\/2021\/03\/creme1-1024x698.jpg\" alt=\"\" class=\"lazyload wp-image-6580\" srcset=\"data:image\/svg+xml,%3Csvg%20xmlns%3D%27http%3A%2F%2Fwww.w3.org%2F2000%2Fsvg%27%20width%3D%271024%27%20height%3D%27698%27%20viewBox%3D%270%200%201024%20698%27%3E%3Crect%20width%3D%271024%27%20height%3D%27698%27%20fill-opacity%3D%220%22%2F%3E%3C%2Fsvg%3E\" data-srcset=\"https:\/\/culturefoodblog.de\/wp-content\/uploads\/2021\/03\/creme1-300x205.jpg 300w, https:\/\/culturefoodblog.de\/wp-content\/uploads\/2021\/03\/creme1-600x409.jpg 600w, https:\/\/culturefoodblog.de\/wp-content\/uploads\/2021\/03\/creme1-768x524.jpg 768w, https:\/\/culturefoodblog.de\/wp-content\/uploads\/2021\/03\/creme1-1024x698.jpg 1024w, https:\/\/culturefoodblog.de\/wp-content\/uploads\/2021\/03\/creme1.jpg 1500w\" data-sizes=\"auto\" data-orig-sizes=\"(max-width: 1024px) 100vw, 1024px\" \/><\/a><\/figure>\n\n\n\n<figure class=\"wp-block-image size-large\"><a href=\"https:\/\/culturefoodblog.de\/wp-content\/uploads\/2021\/03\/creme2.jpg\"><img decoding=\"async\" width=\"1024\" height=\"698\" src=\"https:\/\/culturefoodblog.de\/wp-content\/uploads\/2021\/03\/creme2-1024x698.jpg\" data-orig-src=\"https:\/\/culturefoodblog.de\/wp-content\/uploads\/2021\/03\/creme2-1024x698.jpg\" alt=\"\" class=\"lazyload wp-image-6581\" srcset=\"data:image\/svg+xml,%3Csvg%20xmlns%3D%27http%3A%2F%2Fwww.w3.org%2F2000%2Fsvg%27%20width%3D%271024%27%20height%3D%27698%27%20viewBox%3D%270%200%201024%20698%27%3E%3Crect%20width%3D%271024%27%20height%3D%27698%27%20fill-opacity%3D%220%22%2F%3E%3C%2Fsvg%3E\" data-srcset=\"https:\/\/culturefoodblog.de\/wp-content\/uploads\/2021\/03\/creme2-300x205.jpg 300w, https:\/\/culturefoodblog.de\/wp-content\/uploads\/2021\/03\/creme2-600x409.jpg 600w, https:\/\/culturefoodblog.de\/wp-content\/uploads\/2021\/03\/creme2-768x524.jpg 768w, https:\/\/culturefoodblog.de\/wp-content\/uploads\/2021\/03\/creme2-1024x698.jpg 1024w, https:\/\/culturefoodblog.de\/wp-content\/uploads\/2021\/03\/creme2.jpg 1500w\" data-sizes=\"auto\" data-orig-sizes=\"(max-width: 1024px) 100vw, 1024px\" \/><\/a><\/figure>\n\n\n\n<div style=\"height:64px\" aria-hidden=\"true\" class=\"wp-block-spacer\"><\/div>\n\n\n\n<p><strong>Schritt 2<\/strong><br>Die Milch mit 230 g Schokolade in einem Topf langsam zum Kochen bringen bis die gesamte Schokolade geschmolzen ist. Die fertige Schokoladenmilch beiseite stellen und 1-2 Minuten abk\u00fchlen lassen. (20 Gramm von der Kuvert\u00fcre werden sp\u00e4ter f\u00fcr das Topping ben\u00f6tigt) <\/p>\n\n\n\n<figure class=\"wp-block-image size-large\"><a href=\"https:\/\/culturefoodblog.de\/wp-content\/uploads\/2021\/03\/creme3-1.jpg\"><img decoding=\"async\" width=\"1024\" height=\"698\" src=\"https:\/\/culturefoodblog.de\/wp-content\/uploads\/2021\/03\/creme3-1-1024x698.jpg\" data-orig-src=\"https:\/\/culturefoodblog.de\/wp-content\/uploads\/2021\/03\/creme3-1-1024x698.jpg\" alt=\"\" class=\"lazyload wp-image-6583\" srcset=\"data:image\/svg+xml,%3Csvg%20xmlns%3D%27http%3A%2F%2Fwww.w3.org%2F2000%2Fsvg%27%20width%3D%271024%27%20height%3D%27698%27%20viewBox%3D%270%200%201024%20698%27%3E%3Crect%20width%3D%271024%27%20height%3D%27698%27%20fill-opacity%3D%220%22%2F%3E%3C%2Fsvg%3E\" data-srcset=\"https:\/\/culturefoodblog.de\/wp-content\/uploads\/2021\/03\/creme3-1-300x205.jpg 300w, https:\/\/culturefoodblog.de\/wp-content\/uploads\/2021\/03\/creme3-1-600x409.jpg 600w, https:\/\/culturefoodblog.de\/wp-content\/uploads\/2021\/03\/creme3-1-768x524.jpg 768w, https:\/\/culturefoodblog.de\/wp-content\/uploads\/2021\/03\/creme3-1-1024x698.jpg 1024w, https:\/\/culturefoodblog.de\/wp-content\/uploads\/2021\/03\/creme3-1.jpg 1500w\" data-sizes=\"auto\" data-orig-sizes=\"(max-width: 1024px) 100vw, 1024px\" \/><\/a><\/figure>\n\n\n\n<figure class=\"wp-block-image size-large\"><a href=\"https:\/\/culturefoodblog.de\/wp-content\/uploads\/2021\/03\/creme4.jpg\"><img decoding=\"async\" width=\"1024\" height=\"698\" src=\"https:\/\/culturefoodblog.de\/wp-content\/uploads\/2021\/03\/creme4-1024x698.jpg\" data-orig-src=\"https:\/\/culturefoodblog.de\/wp-content\/uploads\/2021\/03\/creme4-1024x698.jpg\" alt=\"\" class=\"lazyload wp-image-6584\" srcset=\"data:image\/svg+xml,%3Csvg%20xmlns%3D%27http%3A%2F%2Fwww.w3.org%2F2000%2Fsvg%27%20width%3D%271024%27%20height%3D%27698%27%20viewBox%3D%270%200%201024%20698%27%3E%3Crect%20width%3D%271024%27%20height%3D%27698%27%20fill-opacity%3D%220%22%2F%3E%3C%2Fsvg%3E\" data-srcset=\"https:\/\/culturefoodblog.de\/wp-content\/uploads\/2021\/03\/creme4-300x205.jpg 300w, https:\/\/culturefoodblog.de\/wp-content\/uploads\/2021\/03\/creme4-600x409.jpg 600w, https:\/\/culturefoodblog.de\/wp-content\/uploads\/2021\/03\/creme4-768x524.jpg 768w, https:\/\/culturefoodblog.de\/wp-content\/uploads\/2021\/03\/creme4-1024x698.jpg 1024w, https:\/\/culturefoodblog.de\/wp-content\/uploads\/2021\/03\/creme4.jpg 1500w\" data-sizes=\"auto\" data-orig-sizes=\"(max-width: 1024px) 100vw, 1024px\" \/><\/a><\/figure>\n\n\n\n<div style=\"height:64px\" aria-hidden=\"true\" class=\"wp-block-spacer\"><\/div>\n\n\n\n<p><strong>Schritt 3<\/strong><br>Ungef\u00e4hr zwei Tassen von der warmen Schokolade auf die Ei&#8211;Zucker-Mehl Masse gie\u00dfen und gr\u00fcndlich verr\u00fchren, bis alles eine fl\u00fcssige Konsistenz hat. Den Topf mit der Schokoladenmilch erneut erhitzen. Kurz bevor die Milch kocht, wird die Ei-Zucker-Mehl Fl\u00fcssigkeit hinzugegeben und kr\u00e4ftig unterger\u00fchrt. Unter st\u00e4ndigem R\u00fchren etwa 1 Minute sprudelnd kochen lassen bis die Masse gut eingedickt ist. In eine Sch\u00fcssel umf\u00fcllen, mit Plastikfolie abdecken und mindestens 2 Stunden (oder \u00fcber Nacht) im K\u00fchlschrank abk\u00fchlen lassen. <\/p>\n\n\n\n<figure class=\"wp-block-image size-large\"><a href=\"https:\/\/culturefoodblog.de\/wp-content\/uploads\/2021\/03\/creme5.jpg\"><img decoding=\"async\" width=\"1024\" height=\"698\" src=\"https:\/\/culturefoodblog.de\/wp-content\/uploads\/2021\/03\/creme5-1024x698.jpg\" data-orig-src=\"https:\/\/culturefoodblog.de\/wp-content\/uploads\/2021\/03\/creme5-1024x698.jpg\" alt=\"\" class=\"lazyload wp-image-6585\" srcset=\"data:image\/svg+xml,%3Csvg%20xmlns%3D%27http%3A%2F%2Fwww.w3.org%2F2000%2Fsvg%27%20width%3D%271024%27%20height%3D%27698%27%20viewBox%3D%270%200%201024%20698%27%3E%3Crect%20width%3D%271024%27%20height%3D%27698%27%20fill-opacity%3D%220%22%2F%3E%3C%2Fsvg%3E\" data-srcset=\"https:\/\/culturefoodblog.de\/wp-content\/uploads\/2021\/03\/creme5-300x205.jpg 300w, https:\/\/culturefoodblog.de\/wp-content\/uploads\/2021\/03\/creme5-600x409.jpg 600w, https:\/\/culturefoodblog.de\/wp-content\/uploads\/2021\/03\/creme5-768x524.jpg 768w, https:\/\/culturefoodblog.de\/wp-content\/uploads\/2021\/03\/creme5-1024x698.jpg 1024w, https:\/\/culturefoodblog.de\/wp-content\/uploads\/2021\/03\/creme5.jpg 1500w\" data-sizes=\"auto\" data-orig-sizes=\"(max-width: 1024px) 100vw, 1024px\" \/><\/a><\/figure>\n\n\n\n<div style=\"height:64px\" aria-hidden=\"true\" class=\"wp-block-spacer\"><\/div>\n\n\n\n<p><strong>Schritt 4<\/strong><br>Einen Brandteig nach \u2192 <a href=\"https:\/\/culturefoodblog.de\/en\/brandteig\/\" target=\"_blank\" rel=\"noreferrer noopener\">diesem Rezept<\/a> herstellen und in einen Spritzbeutel f\u00fcllen. <\/p>\n\n\n\n<figure class=\"wp-block-image size-large\"><a href=\"https:\/\/culturefoodblog.de\/wp-content\/uploads\/2021\/02\/brandteig2.jpg\"><img decoding=\"async\" width=\"1024\" height=\"698\" src=\"https:\/\/culturefoodblog.de\/wp-content\/uploads\/2021\/02\/brandteig2-1024x698.jpg\" data-orig-src=\"https:\/\/culturefoodblog.de\/wp-content\/uploads\/2021\/02\/brandteig2-1024x698.jpg\" alt=\"\" class=\"lazyload wp-image-6536\" srcset=\"data:image\/svg+xml,%3Csvg%20xmlns%3D%27http%3A%2F%2Fwww.w3.org%2F2000%2Fsvg%27%20width%3D%271024%27%20height%3D%27698%27%20viewBox%3D%270%200%201024%20698%27%3E%3Crect%20width%3D%271024%27%20height%3D%27698%27%20fill-opacity%3D%220%22%2F%3E%3C%2Fsvg%3E\" data-srcset=\"https:\/\/culturefoodblog.de\/wp-content\/uploads\/2021\/02\/brandteig2-300x205.jpg 300w, https:\/\/culturefoodblog.de\/wp-content\/uploads\/2021\/02\/brandteig2-600x409.jpg 600w, https:\/\/culturefoodblog.de\/wp-content\/uploads\/2021\/02\/brandteig2-768x524.jpg 768w, https:\/\/culturefoodblog.de\/wp-content\/uploads\/2021\/02\/brandteig2-1024x698.jpg 1024w, https:\/\/culturefoodblog.de\/wp-content\/uploads\/2021\/02\/brandteig2.jpg 1500w\" data-sizes=\"auto\" data-orig-sizes=\"(max-width: 1024px) 100vw, 1024px\" \/><\/a><\/figure>\n\n\n\n<div style=\"height:64px\" aria-hidden=\"true\" class=\"wp-block-spacer\"><\/div>\n\n\n\n<p><strong>Schritt 5<\/strong><br>Den Ofen auf 220\u00b0C. mit Umluft vorheizen. \u00bd Tasse Wasser auf den Boden des Backofens sch\u00fctten. Ein Backblech oder Gitter mit Backpapier belegen (Silikonmatte geht auch) und kleine Teigh\u00e4ufchen aufspritzen. Als Richtlinie f\u00fcr die Gr\u00f6\u00dfe kann man sich an einem Durchmesser von ca. \u00d8 3 cm oder an Walln\u00fcssen orientieren.<\/p>\n\n\n\n<figure class=\"wp-block-image size-large\"><a href=\"https:\/\/culturefoodblog.de\/wp-content\/uploads\/2021\/02\/brandteig12.jpg\"><img decoding=\"async\" width=\"1024\" height=\"698\" src=\"https:\/\/culturefoodblog.de\/wp-content\/uploads\/2021\/02\/brandteig12-1024x698.jpg\" data-orig-src=\"https:\/\/culturefoodblog.de\/wp-content\/uploads\/2021\/02\/brandteig12-1024x698.jpg\" alt=\"\" class=\"lazyload wp-image-6534\" srcset=\"data:image\/svg+xml,%3Csvg%20xmlns%3D%27http%3A%2F%2Fwww.w3.org%2F2000%2Fsvg%27%20width%3D%271024%27%20height%3D%27698%27%20viewBox%3D%270%200%201024%20698%27%3E%3Crect%20width%3D%271024%27%20height%3D%27698%27%20fill-opacity%3D%220%22%2F%3E%3C%2Fsvg%3E\" data-srcset=\"https:\/\/culturefoodblog.de\/wp-content\/uploads\/2021\/02\/brandteig12-300x205.jpg 300w, https:\/\/culturefoodblog.de\/wp-content\/uploads\/2021\/02\/brandteig12-600x409.jpg 600w, https:\/\/culturefoodblog.de\/wp-content\/uploads\/2021\/02\/brandteig12-768x524.jpg 768w, https:\/\/culturefoodblog.de\/wp-content\/uploads\/2021\/02\/brandteig12-1024x698.jpg 1024w, https:\/\/culturefoodblog.de\/wp-content\/uploads\/2021\/02\/brandteig12.jpg 1500w\" data-sizes=\"auto\" data-orig-sizes=\"(max-width: 1024px) 100vw, 1024px\" \/><\/a><\/figure>\n\n\n\n<div style=\"height:64px\" aria-hidden=\"true\" class=\"wp-block-spacer\"><\/div>\n\n\n\n<p><strong>Schritt 6<\/strong><br>Das Blech in den vorgeheizten Ofen schieben und die Profiteroles backen. Nach 3 Minuten die Umluft ausschalten und die Temperatur auf 180\u00b0 C. reduzieren. Ca. 10 Minuten goldgelb backen. Am Ende der Backzeit muss man ziemlich aufpassen: In einem Moment ist das Geb\u00e4ck noch blass-gelb und im n\u00e4chsten Augenblick sind sie schon dunkelbraun. Man sollte sich also nicht auf den Timer verlassen, sondern in der letzten Minute am Ofen stehen und aufpassen. <\/p>\n\n\n\n<p>W\u00e4hrend die Profiteroles im Ofen sind, die abgek\u00fchlte Cr\u00e8mef\u00fcllung in einen Spritzbeutel mit ganz feiner T\u00fclle umf\u00fcllen. Wer eine Marinaden-\/Bratenspritze hat, sollte dieser den Vorzug geben, denn die Einstichstelle ist kleiner und somit kann sp\u00e4ter auch weniger von der F\u00fcllung auslaufen. <\/p>\n\n\n\n<figure class=\"wp-block-image size-large\"><a href=\"https:\/\/culturefoodblog.de\/wp-content\/uploads\/2021\/03\/profiteroles5.jpg\"><img decoding=\"async\" width=\"1024\" height=\"698\" src=\"https:\/\/culturefoodblog.de\/wp-content\/uploads\/2021\/03\/profiteroles5-1024x698.jpg\" data-orig-src=\"https:\/\/culturefoodblog.de\/wp-content\/uploads\/2021\/03\/profiteroles5-1024x698.jpg\" alt=\"\" class=\"lazyload wp-image-6588\" srcset=\"data:image\/svg+xml,%3Csvg%20xmlns%3D%27http%3A%2F%2Fwww.w3.org%2F2000%2Fsvg%27%20width%3D%271024%27%20height%3D%27698%27%20viewBox%3D%270%200%201024%20698%27%3E%3Crect%20width%3D%271024%27%20height%3D%27698%27%20fill-opacity%3D%220%22%2F%3E%3C%2Fsvg%3E\" data-srcset=\"https:\/\/culturefoodblog.de\/wp-content\/uploads\/2021\/03\/profiteroles5-300x205.jpg 300w, https:\/\/culturefoodblog.de\/wp-content\/uploads\/2021\/03\/profiteroles5-600x409.jpg 600w, https:\/\/culturefoodblog.de\/wp-content\/uploads\/2021\/03\/profiteroles5-768x524.jpg 768w, https:\/\/culturefoodblog.de\/wp-content\/uploads\/2021\/03\/profiteroles5-1024x698.jpg 1024w, https:\/\/culturefoodblog.de\/wp-content\/uploads\/2021\/03\/profiteroles5.jpg 1500w\" data-sizes=\"auto\" data-orig-sizes=\"(max-width: 1024px) 100vw, 1024px\" \/><\/a><\/figure>\n\n\n\n<figure class=\"wp-block-image size-large\"><a href=\"https:\/\/culturefoodblog.de\/wp-content\/uploads\/2021\/03\/gougeres7.jpg\"><img decoding=\"async\" width=\"1024\" height=\"698\" src=\"https:\/\/culturefoodblog.de\/wp-content\/uploads\/2021\/03\/gougeres7-1024x698.jpg\" data-orig-src=\"https:\/\/culturefoodblog.de\/wp-content\/uploads\/2021\/03\/gougeres7-1024x698.jpg\" alt=\"\" class=\"lazyload wp-image-6553\" srcset=\"data:image\/svg+xml,%3Csvg%20xmlns%3D%27http%3A%2F%2Fwww.w3.org%2F2000%2Fsvg%27%20width%3D%271024%27%20height%3D%27698%27%20viewBox%3D%270%200%201024%20698%27%3E%3Crect%20width%3D%271024%27%20height%3D%27698%27%20fill-opacity%3D%220%22%2F%3E%3C%2Fsvg%3E\" data-srcset=\"https:\/\/culturefoodblog.de\/wp-content\/uploads\/2021\/03\/gougeres7-300x205.jpg 300w, https:\/\/culturefoodblog.de\/wp-content\/uploads\/2021\/03\/gougeres7-600x409.jpg 600w, https:\/\/culturefoodblog.de\/wp-content\/uploads\/2021\/03\/gougeres7-768x524.jpg 768w, https:\/\/culturefoodblog.de\/wp-content\/uploads\/2021\/03\/gougeres7-1024x698.jpg 1024w, https:\/\/culturefoodblog.de\/wp-content\/uploads\/2021\/03\/gougeres7.jpg 1500w\" data-sizes=\"auto\" data-orig-sizes=\"(max-width: 1024px) 100vw, 1024px\" \/><\/a><\/figure>\n\n\n\n<div style=\"height:64px\" aria-hidden=\"true\" class=\"wp-block-spacer\"><\/div>\n\n\n\n<p><strong>Schritt 7<\/strong><br>Die verbleibende Kuvert\u00fcre in einem Wasserbad zum schmelzen bringen. <\/p>\n\n\n\n<p>Die Profiteroles nach dem Backen etwa zwei Minuten abk\u00fchlen lassen. Sobald man sie anfassen kann ohne sich zu verbrennen, die T\u00fclle fest in den Boden der Profiteroles dr\u00fccken und mit leichtem Druck prall mit der Cr\u00e8me f\u00fcllen.  Auf ein Gitter legen und mit der geschmolzenen Kuvert\u00fcre dekorieren.  <br><\/p>\n\n\n\n<figure class=\"wp-block-image size-large\"><a href=\"https:\/\/culturefoodblog.de\/wp-content\/uploads\/2021\/03\/profiteroles4-1.jpg\"><img decoding=\"async\" width=\"1024\" height=\"698\" src=\"https:\/\/culturefoodblog.de\/wp-content\/uploads\/2021\/03\/profiteroles4-1-1024x698.jpg\" data-orig-src=\"https:\/\/culturefoodblog.de\/wp-content\/uploads\/2021\/03\/profiteroles4-1-1024x698.jpg\" alt=\"\" class=\"lazyload wp-image-6587\" srcset=\"data:image\/svg+xml,%3Csvg%20xmlns%3D%27http%3A%2F%2Fwww.w3.org%2F2000%2Fsvg%27%20width%3D%271024%27%20height%3D%27698%27%20viewBox%3D%270%200%201024%20698%27%3E%3Crect%20width%3D%271024%27%20height%3D%27698%27%20fill-opacity%3D%220%22%2F%3E%3C%2Fsvg%3E\" data-srcset=\"https:\/\/culturefoodblog.de\/wp-content\/uploads\/2021\/03\/profiteroles4-1-300x205.jpg 300w, https:\/\/culturefoodblog.de\/wp-content\/uploads\/2021\/03\/profiteroles4-1-600x409.jpg 600w, https:\/\/culturefoodblog.de\/wp-content\/uploads\/2021\/03\/profiteroles4-1-768x524.jpg 768w, https:\/\/culturefoodblog.de\/wp-content\/uploads\/2021\/03\/profiteroles4-1-1024x698.jpg 1024w, https:\/\/culturefoodblog.de\/wp-content\/uploads\/2021\/03\/profiteroles4-1.jpg 1500w\" data-sizes=\"auto\" data-orig-sizes=\"(max-width: 1024px) 100vw, 1024px\" \/><\/a><\/figure>\n\n\n\n<figure class=\"wp-block-image size-large\"><a href=\"https:\/\/culturefoodblog.de\/wp-content\/uploads\/2021\/03\/schoko2021.jpg\"><img decoding=\"async\" width=\"1024\" height=\"698\" src=\"https:\/\/culturefoodblog.de\/wp-content\/uploads\/2021\/03\/schoko2021-1024x698.jpg\" data-orig-src=\"https:\/\/culturefoodblog.de\/wp-content\/uploads\/2021\/03\/schoko2021-1024x698.jpg\" alt=\"\" class=\"lazyload wp-image-6589\" srcset=\"data:image\/svg+xml,%3Csvg%20xmlns%3D%27http%3A%2F%2Fwww.w3.org%2F2000%2Fsvg%27%20width%3D%271024%27%20height%3D%27698%27%20viewBox%3D%270%200%201024%20698%27%3E%3Crect%20width%3D%271024%27%20height%3D%27698%27%20fill-opacity%3D%220%22%2F%3E%3C%2Fsvg%3E\" data-srcset=\"https:\/\/culturefoodblog.de\/wp-content\/uploads\/2021\/03\/schoko2021-300x205.jpg 300w, https:\/\/culturefoodblog.de\/wp-content\/uploads\/2021\/03\/schoko2021-600x409.jpg 600w, https:\/\/culturefoodblog.de\/wp-content\/uploads\/2021\/03\/schoko2021-768x524.jpg 768w, https:\/\/culturefoodblog.de\/wp-content\/uploads\/2021\/03\/schoko2021-1024x698.jpg 1024w, https:\/\/culturefoodblog.de\/wp-content\/uploads\/2021\/03\/schoko2021.jpg 1500w\" data-sizes=\"auto\" data-orig-sizes=\"(max-width: 1024px) 100vw, 1024px\" \/><\/a><\/figure>\n\n\n\n<figure class=\"wp-block-image size-large\"><a href=\"https:\/\/culturefoodblog.de\/wp-content\/uploads\/2021\/03\/profiteroles7.jpg\"><img decoding=\"async\" width=\"1024\" height=\"698\" src=\"https:\/\/culturefoodblog.de\/wp-content\/uploads\/2021\/03\/profiteroles7-1024x698.jpg\" data-orig-src=\"https:\/\/culturefoodblog.de\/wp-content\/uploads\/2021\/03\/profiteroles7-1024x698.jpg\" alt=\"\" class=\"lazyload wp-image-6590\" srcset=\"data:image\/svg+xml,%3Csvg%20xmlns%3D%27http%3A%2F%2Fwww.w3.org%2F2000%2Fsvg%27%20width%3D%271024%27%20height%3D%27698%27%20viewBox%3D%270%200%201024%20698%27%3E%3Crect%20width%3D%271024%27%20height%3D%27698%27%20fill-opacity%3D%220%22%2F%3E%3C%2Fsvg%3E\" data-srcset=\"https:\/\/culturefoodblog.de\/wp-content\/uploads\/2021\/03\/profiteroles7-300x205.jpg 300w, https:\/\/culturefoodblog.de\/wp-content\/uploads\/2021\/03\/profiteroles7-600x409.jpg 600w, https:\/\/culturefoodblog.de\/wp-content\/uploads\/2021\/03\/profiteroles7-768x524.jpg 768w, https:\/\/culturefoodblog.de\/wp-content\/uploads\/2021\/03\/profiteroles7-1024x698.jpg 1024w, https:\/\/culturefoodblog.de\/wp-content\/uploads\/2021\/03\/profiteroles7.jpg 1500w\" data-sizes=\"auto\" data-orig-sizes=\"(max-width: 1024px) 100vw, 1024px\" \/><\/a><\/figure>\n\n\n\n<div style=\"height:64px\" aria-hidden=\"true\" class=\"wp-block-spacer\"><\/div>\n\n\n\n<p><em><strong>Tipp:<\/strong> Die Profiteroles k\u00f6nnen sowohl warm mit fl\u00fcssigem Schokoladentopping, oder aber gek\u00fchlt genossen werden.  <\/em><\/p>\n\n\n\n<figure class=\"wp-block-image size-large\"><a href=\"https:\/\/culturefoodblog.de\/wp-content\/uploads\/2021\/03\/profiteroles8.jpg\"><img decoding=\"async\" width=\"1024\" height=\"698\" src=\"https:\/\/culturefoodblog.de\/wp-content\/uploads\/2021\/03\/profiteroles8-1024x698.jpg\" data-orig-src=\"https:\/\/culturefoodblog.de\/wp-content\/uploads\/2021\/03\/profiteroles8-1024x698.jpg\" alt=\"\" class=\"lazyload wp-image-6591\" srcset=\"data:image\/svg+xml,%3Csvg%20xmlns%3D%27http%3A%2F%2Fwww.w3.org%2F2000%2Fsvg%27%20width%3D%271024%27%20height%3D%27698%27%20viewBox%3D%270%200%201024%20698%27%3E%3Crect%20width%3D%271024%27%20height%3D%27698%27%20fill-opacity%3D%220%22%2F%3E%3C%2Fsvg%3E\" data-srcset=\"https:\/\/culturefoodblog.de\/wp-content\/uploads\/2021\/03\/profiteroles8-300x205.jpg 300w, https:\/\/culturefoodblog.de\/wp-content\/uploads\/2021\/03\/profiteroles8-600x409.jpg 600w, https:\/\/culturefoodblog.de\/wp-content\/uploads\/2021\/03\/profiteroles8-768x524.jpg 768w, https:\/\/culturefoodblog.de\/wp-content\/uploads\/2021\/03\/profiteroles8-1024x698.jpg 1024w, https:\/\/culturefoodblog.de\/wp-content\/uploads\/2021\/03\/profiteroles8.jpg 1500w\" data-sizes=\"auto\" data-orig-sizes=\"(max-width: 1024px) 100vw, 1024px\" \/><\/a><\/figure>\n\n\n\n<div style=\"height:64px\" aria-hidden=\"true\" class=\"wp-block-spacer\"><\/div>\n\n\n\n<h2 class=\"wp-block-heading\">Rezept f\u00fcr \u00c9claires au Chocolat<\/h2>\n\n\n\n<p>Mit den gleichen Zutaten k\u00f6nnen auch k\u00f6stliche Schokoladen-\u00c9claires, auch <em>Liebesknochen<\/em>,&nbsp;<em>Hasenpfote<\/em>&nbsp;oder&nbsp;<em>Kaffeestange<\/em>&nbsp;bezeichnet, hergestellt werden. Anstelle von kleinen Teigtupfen spritzt man den Teig mit einer gro\u00dfen Sternt\u00fclle in l\u00e4ngliche Streifen auf das Backblech. Die Backzeit verl\u00e4ngert sich um 10 Minuten. Ansonsten sind die Arbeitsschritte identisch.<\/p>\n\n\n\n<figure class=\"wp-block-image size-large\"><a href=\"https:\/\/culturefoodblog.de\/wp-content\/uploads\/2021\/03\/eclairs-2a.jpg\"><img decoding=\"async\" width=\"1024\" height=\"698\" src=\"https:\/\/culturefoodblog.de\/wp-content\/uploads\/2021\/03\/eclairs-2a-1024x698.jpg\" data-orig-src=\"https:\/\/culturefoodblog.de\/wp-content\/uploads\/2021\/03\/eclairs-2a-1024x698.jpg\" alt=\"\" class=\"lazyload wp-image-6593\" srcset=\"data:image\/svg+xml,%3Csvg%20xmlns%3D%27http%3A%2F%2Fwww.w3.org%2F2000%2Fsvg%27%20width%3D%271024%27%20height%3D%27698%27%20viewBox%3D%270%200%201024%20698%27%3E%3Crect%20width%3D%271024%27%20height%3D%27698%27%20fill-opacity%3D%220%22%2F%3E%3C%2Fsvg%3E\" data-srcset=\"https:\/\/culturefoodblog.de\/wp-content\/uploads\/2021\/03\/eclairs-2a-300x205.jpg 300w, https:\/\/culturefoodblog.de\/wp-content\/uploads\/2021\/03\/eclairs-2a-600x409.jpg 600w, https:\/\/culturefoodblog.de\/wp-content\/uploads\/2021\/03\/eclairs-2a-768x524.jpg 768w, https:\/\/culturefoodblog.de\/wp-content\/uploads\/2021\/03\/eclairs-2a-1024x698.jpg 1024w, https:\/\/culturefoodblog.de\/wp-content\/uploads\/2021\/03\/eclairs-2a.jpg 1500w\" data-sizes=\"auto\" data-orig-sizes=\"(max-width: 1024px) 100vw, 1024px\" \/><\/a><\/figure>\n\n\n\n<figure class=\"wp-block-image size-large\"><a href=\"https:\/\/culturefoodblog.de\/wp-content\/uploads\/2021\/03\/eclairs-3.jpg\"><img decoding=\"async\" width=\"1024\" height=\"698\" src=\"https:\/\/culturefoodblog.de\/wp-content\/uploads\/2021\/03\/eclairs-3-1024x698.jpg\" data-orig-src=\"https:\/\/culturefoodblog.de\/wp-content\/uploads\/2021\/03\/eclairs-3-1024x698.jpg\" alt=\"\" class=\"lazyload wp-image-6594\" srcset=\"data:image\/svg+xml,%3Csvg%20xmlns%3D%27http%3A%2F%2Fwww.w3.org%2F2000%2Fsvg%27%20width%3D%271024%27%20height%3D%27698%27%20viewBox%3D%270%200%201024%20698%27%3E%3Crect%20width%3D%271024%27%20height%3D%27698%27%20fill-opacity%3D%220%22%2F%3E%3C%2Fsvg%3E\" data-srcset=\"https:\/\/culturefoodblog.de\/wp-content\/uploads\/2021\/03\/eclairs-3-300x205.jpg 300w, https:\/\/culturefoodblog.de\/wp-content\/uploads\/2021\/03\/eclairs-3-600x409.jpg 600w, https:\/\/culturefoodblog.de\/wp-content\/uploads\/2021\/03\/eclairs-3-768x524.jpg 768w, https:\/\/culturefoodblog.de\/wp-content\/uploads\/2021\/03\/eclairs-3-1024x698.jpg 1024w, https:\/\/culturefoodblog.de\/wp-content\/uploads\/2021\/03\/eclairs-3.jpg 1500w\" data-sizes=\"auto\" data-orig-sizes=\"(max-width: 1024px) 100vw, 1024px\" \/><\/a><\/figure>\n\n\n\n<figure class=\"wp-block-image size-large\"><a href=\"https:\/\/culturefoodblog.de\/wp-content\/uploads\/2021\/03\/eclairs-4.jpg\"><img decoding=\"async\" width=\"1024\" height=\"698\" src=\"https:\/\/culturefoodblog.de\/wp-content\/uploads\/2021\/03\/eclairs-4-1024x698.jpg\" data-orig-src=\"https:\/\/culturefoodblog.de\/wp-content\/uploads\/2021\/03\/eclairs-4-1024x698.jpg\" alt=\"\" class=\"lazyload wp-image-6595\" srcset=\"data:image\/svg+xml,%3Csvg%20xmlns%3D%27http%3A%2F%2Fwww.w3.org%2F2000%2Fsvg%27%20width%3D%271024%27%20height%3D%27698%27%20viewBox%3D%270%200%201024%20698%27%3E%3Crect%20width%3D%271024%27%20height%3D%27698%27%20fill-opacity%3D%220%22%2F%3E%3C%2Fsvg%3E\" data-srcset=\"https:\/\/culturefoodblog.de\/wp-content\/uploads\/2021\/03\/eclairs-4-300x205.jpg 300w, https:\/\/culturefoodblog.de\/wp-content\/uploads\/2021\/03\/eclairs-4-600x409.jpg 600w, https:\/\/culturefoodblog.de\/wp-content\/uploads\/2021\/03\/eclairs-4-768x524.jpg 768w, https:\/\/culturefoodblog.de\/wp-content\/uploads\/2021\/03\/eclairs-4-1024x698.jpg 1024w, https:\/\/culturefoodblog.de\/wp-content\/uploads\/2021\/03\/eclairs-4.jpg 1500w\" data-sizes=\"auto\" data-orig-sizes=\"(max-width: 1024px) 100vw, 1024px\" \/><\/a><\/figure>\n\n\n\n<figure class=\"wp-block-image size-large\"><a href=\"https:\/\/culturefoodblog.de\/wp-content\/uploads\/2021\/03\/eclairs-5.jpg\"><img decoding=\"async\" width=\"1024\" height=\"698\" src=\"https:\/\/culturefoodblog.de\/wp-content\/uploads\/2021\/03\/eclairs-5-1024x698.jpg\" data-orig-src=\"https:\/\/culturefoodblog.de\/wp-content\/uploads\/2021\/03\/eclairs-5-1024x698.jpg\" alt=\"\" class=\"lazyload wp-image-6596\" srcset=\"data:image\/svg+xml,%3Csvg%20xmlns%3D%27http%3A%2F%2Fwww.w3.org%2F2000%2Fsvg%27%20width%3D%271024%27%20height%3D%27698%27%20viewBox%3D%270%200%201024%20698%27%3E%3Crect%20width%3D%271024%27%20height%3D%27698%27%20fill-opacity%3D%220%22%2F%3E%3C%2Fsvg%3E\" data-srcset=\"https:\/\/culturefoodblog.de\/wp-content\/uploads\/2021\/03\/eclairs-5-300x205.jpg 300w, https:\/\/culturefoodblog.de\/wp-content\/uploads\/2021\/03\/eclairs-5-600x409.jpg 600w, https:\/\/culturefoodblog.de\/wp-content\/uploads\/2021\/03\/eclairs-5-768x524.jpg 768w, https:\/\/culturefoodblog.de\/wp-content\/uploads\/2021\/03\/eclairs-5-1024x698.jpg 1024w, https:\/\/culturefoodblog.de\/wp-content\/uploads\/2021\/03\/eclairs-5.jpg 1500w\" data-sizes=\"auto\" data-orig-sizes=\"(max-width: 1024px) 100vw, 1024px\" \/><\/a><\/figure>\n\n\n\n<h4 class=\"wp-block-heading\"><strong><em>Gutes Gelingen und einen ebenso guten Appetit!<\/em><\/strong><\/h4>\n\n\n\n<figure class=\"wp-block-image\"><img decoding=\"async\" width=\"578\" height=\"140\" src=\"https:\/\/culturefoodblog.de\/wp-content\/uploads\/2016\/10\/trenner-seitentrenner-1.jpg\" data-orig-src=\"https:\/\/culturefoodblog.de\/wp-content\/uploads\/2016\/10\/trenner-seitentrenner-1.jpg\" alt=\"\" class=\"lazyload wp-image-4565\" srcset=\"data:image\/svg+xml,%3Csvg%20xmlns%3D%27http%3A%2F%2Fwww.w3.org%2F2000%2Fsvg%27%20width%3D%27578%27%20height%3D%27140%27%20viewBox%3D%270%200%20578%20140%27%3E%3Crect%20width%3D%27578%27%20height%3D%27140%27%20fill-opacity%3D%220%22%2F%3E%3C%2Fsvg%3E\" data-srcset=\"https:\/\/culturefoodblog.de\/wp-content\/uploads\/2016\/10\/trenner-seitentrenner-1-300x73.jpg 300w, https:\/\/culturefoodblog.de\/wp-content\/uploads\/2016\/10\/trenner-seitentrenner-1.jpg 578w\" data-sizes=\"auto\" data-orig-sizes=\"(max-width: 578px) 100vw, 578px\" \/><\/figure>\n\n\n\n<h5 class=\"wp-block-heading\">Welche Erfahrungen haben Sie mit Profiteroles gemacht? Kennen Sie eine Rezeptvariation? Ich freue mich auf Ihre Erg\u00e4nzungen in den Kommentaren.&nbsp;<\/h5>\n\n\n\n<p>Leser, die dieses Rezept heruntergeladen haben, interessierten sich auch f\u00fcr die folgenden Artikel:<\/p>\n\n\n\n<p>\u2192 <a href=\"https:\/\/culturefoodblog.de\/en\/brandteig\/\">Brandteig<\/a>  <br>\u2192 <a href=\"https:\/\/culturefoodblog.de\/en\/feines-butter-kasegeback\/\">Pikantes Butter-K\u00e4segeb\u00e4ck<\/a>  <br>\u2192 <a href=\"https:\/\/culturefoodblog.de\/en\/gougeres_windbeutel\/\">Goug\u00e8res \/ Mini-Windbeutel mit K\u00e4se<\/a>  <\/p>","protected":false},"excerpt":{"rendered":"<p>S\u00fcndig s\u00fc\u00dfe Mini-Windbeutel In Wes Anderson&#8217;s wunderbarem Film The Grand Budapest Hotel produziert die fiktive<\/p>","protected":false},"author":1,"featured_media":6574,"comment_status":"open","ping_status":"open","sticky":false,"template":"","format":"standard","meta":{"footnotes":""},"categories":[941,89],"tags":[770,772,771,773,780,768,779,769],"class_list":["post-6561","post","type-post","status-publish","format-standard","has-post-thumbnail","hentry","category-kuchen","category-susspeisen","tag-courtesans-au-chocolat","tag-eclair-au-chocolat","tag-eclaire","tag-eclaires","tag-profiterole-rezept-courtesan-chocolat","tag-profiteroles","tag-rezept-profiteroles","tag-windbeutel"],"yoast_head":"<!-- This site is optimized with the Yoast SEO plugin v25.4 - https:\/\/yoast.com\/wordpress\/plugins\/seo\/ -->\n<title>Profiteroles &amp; \u00c9claires au chocolat - Culture Food Blog - Familie, Freunde &amp; Food<\/title>\n<meta name=\"robots\" content=\"index, follow, max-snippet:-1, max-image-preview:large, max-video-preview:-1\" \/>\n<link rel=\"canonical\" href=\"https:\/\/culturefoodblog.de\/en\/profiteroles_windbeutel\/\" \/>\n<meta property=\"og:locale\" content=\"en_GB\" \/>\n<meta property=\"og:type\" content=\"article\" \/>\n<meta property=\"og:title\" content=\"Profiteroles &amp; \u00c9claires au chocolat - Culture Food Blog - Familie, Freunde &amp; Food\" \/>\n<meta property=\"og:description\" content=\"S\u00fcndig s\u00fc\u00dfe Mini-Windbeutel In Wes Anderson&#8217;s wunderbarem Film The Grand Budapest Hotel produziert die fiktive\" \/>\n<meta property=\"og:url\" content=\"https:\/\/culturefoodblog.de\/en\/profiteroles_windbeutel\/\" \/>\n<meta property=\"og:site_name\" content=\"Culture Food Blog - Familie, Freunde &amp; Food\" \/>\n<meta property=\"article:publisher\" content=\"https:\/\/www.facebook.com\/culturefoodblog\" \/>\n<meta property=\"article:published_time\" content=\"2021-03-01T11:13:38+00:00\" \/>\n<meta property=\"article:modified_time\" content=\"2025-04-24T15:59:53+00:00\" \/>\n<meta property=\"og:image\" content=\"https:\/\/culturefoodblog.de\/wp-content\/uploads\/2021\/03\/profiteroles_title.jpg\" \/>\n\t<meta property=\"og:image:width\" content=\"750\" \/>\n\t<meta property=\"og:image:height\" content=\"504\" \/>\n\t<meta property=\"og:image:type\" content=\"image\/jpeg\" \/>\n<meta name=\"author\" content=\"Culture Foodblog\" \/>\n<meta name=\"twitter:card\" content=\"summary_large_image\" \/>\n<meta name=\"twitter:label1\" content=\"Written by\" \/>\n\t<meta name=\"twitter:data1\" content=\"Culture Foodblog\" \/>\n\t<meta name=\"twitter:label2\" content=\"Estimated reading time\" \/>\n\t<meta name=\"twitter:data2\" content=\"4 minutes\" \/>\n<script type=\"application\/ld+json\" class=\"yoast-schema-graph\">{\"@context\":\"https:\/\/schema.org\",\"@graph\":[{\"@type\":\"WebPage\",\"@id\":\"https:\/\/culturefoodblog.de\/profiteroles_windbeutel\/\",\"url\":\"https:\/\/culturefoodblog.de\/profiteroles_windbeutel\/\",\"name\":\"Profiteroles & \u00c9claires au chocolat - Culture Food Blog - Familie, Freunde &amp; Food\",\"isPartOf\":{\"@id\":\"https:\/\/culturefoodblog.de\/#website\"},\"primaryImageOfPage\":{\"@id\":\"https:\/\/culturefoodblog.de\/profiteroles_windbeutel\/#primaryimage\"},\"image\":{\"@id\":\"https:\/\/culturefoodblog.de\/profiteroles_windbeutel\/#primaryimage\"},\"thumbnailUrl\":\"https:\/\/culturefoodblog.de\/wp-content\/uploads\/2021\/03\/profiteroles_title.jpg\",\"datePublished\":\"2021-03-01T11:13:38+00:00\",\"dateModified\":\"2025-04-24T15:59:53+00:00\",\"author\":{\"@id\":\"https:\/\/culturefoodblog.de\/#\/schema\/person\/9110d3d09672230ca0f3ec895f04e4a1\"},\"breadcrumb\":{\"@id\":\"https:\/\/culturefoodblog.de\/profiteroles_windbeutel\/#breadcrumb\"},\"inLanguage\":\"en-GB\",\"potentialAction\":[{\"@type\":\"ReadAction\",\"target\":[\"https:\/\/culturefoodblog.de\/profiteroles_windbeutel\/\"]}]},{\"@type\":\"ImageObject\",\"inLanguage\":\"en-GB\",\"@id\":\"https:\/\/culturefoodblog.de\/profiteroles_windbeutel\/#primaryimage\",\"url\":\"https:\/\/culturefoodblog.de\/wp-content\/uploads\/2021\/03\/profiteroles_title.jpg\",\"contentUrl\":\"https:\/\/culturefoodblog.de\/wp-content\/uploads\/2021\/03\/profiteroles_title.jpg\",\"width\":750,\"height\":504},{\"@type\":\"BreadcrumbList\",\"@id\":\"https:\/\/culturefoodblog.de\/profiteroles_windbeutel\/#breadcrumb\",\"itemListElement\":[{\"@type\":\"ListItem\",\"position\":1,\"name\":\"Startseite\",\"item\":\"https:\/\/culturefoodblog.de\/\"},{\"@type\":\"ListItem\",\"position\":2,\"name\":\"Profiteroles &#038; \u00c9claires au chocolat\"}]},{\"@type\":\"WebSite\",\"@id\":\"https:\/\/culturefoodblog.de\/#website\",\"url\":\"https:\/\/culturefoodblog.de\/\",\"name\":\"Culture Food Blog - Familie, Freunde & Food\",\"description\":\"Ein kulinarisches Tagebuch f\u00fcr Genie\u00dfer\",\"potentialAction\":[{\"@type\":\"SearchAction\",\"target\":{\"@type\":\"EntryPoint\",\"urlTemplate\":\"https:\/\/culturefoodblog.de\/?s={search_term_string}\"},\"query-input\":{\"@type\":\"PropertyValueSpecification\",\"valueRequired\":true,\"valueName\":\"search_term_string\"}}],\"inLanguage\":\"en-GB\"},{\"@type\":\"Person\",\"@id\":\"https:\/\/culturefoodblog.de\/#\/schema\/person\/9110d3d09672230ca0f3ec895f04e4a1\",\"name\":\"Culture Foodblog\",\"url\":\"https:\/\/culturefoodblog.de\/en\/author\/culturefood\/\"}]}<\/script>\n<!-- \/ Yoast SEO plugin. -->","yoast_head_json":{"title":"Profiteroles & \u00c9claires au chocolat - Culture Food Blog - Familie, Freunde &amp; Food","robots":{"index":"index","follow":"follow","max-snippet":"max-snippet:-1","max-image-preview":"max-image-preview:large","max-video-preview":"max-video-preview:-1"},"canonical":"https:\/\/culturefoodblog.de\/en\/profiteroles_windbeutel\/","og_locale":"en_GB","og_type":"article","og_title":"Profiteroles & \u00c9claires au chocolat - Culture Food Blog - Familie, Freunde &amp; Food","og_description":"S\u00fcndig s\u00fc\u00dfe Mini-Windbeutel In Wes Anderson&#8217;s wunderbarem Film The Grand Budapest Hotel produziert die fiktive","og_url":"https:\/\/culturefoodblog.de\/en\/profiteroles_windbeutel\/","og_site_name":"Culture Food Blog - Familie, Freunde &amp; Food","article_publisher":"https:\/\/www.facebook.com\/culturefoodblog","article_published_time":"2021-03-01T11:13:38+00:00","article_modified_time":"2025-04-24T15:59:53+00:00","og_image":[{"width":750,"height":504,"url":"https:\/\/culturefoodblog.de\/wp-content\/uploads\/2021\/03\/profiteroles_title.jpg","type":"image\/jpeg"}],"author":"Culture Foodblog","twitter_card":"summary_large_image","twitter_misc":{"Written by":"Culture Foodblog","Estimated reading time":"4 minutes"},"schema":{"@context":"https:\/\/schema.org","@graph":[{"@type":"WebPage","@id":"https:\/\/culturefoodblog.de\/profiteroles_windbeutel\/","url":"https:\/\/culturefoodblog.de\/profiteroles_windbeutel\/","name":"Profiteroles & \u00c9claires au chocolat - Culture Food Blog - Familie, Freunde &amp; Food","isPartOf":{"@id":"https:\/\/culturefoodblog.de\/#website"},"primaryImageOfPage":{"@id":"https:\/\/culturefoodblog.de\/profiteroles_windbeutel\/#primaryimage"},"image":{"@id":"https:\/\/culturefoodblog.de\/profiteroles_windbeutel\/#primaryimage"},"thumbnailUrl":"https:\/\/culturefoodblog.de\/wp-content\/uploads\/2021\/03\/profiteroles_title.jpg","datePublished":"2021-03-01T11:13:38+00:00","dateModified":"2025-04-24T15:59:53+00:00","author":{"@id":"https:\/\/culturefoodblog.de\/#\/schema\/person\/9110d3d09672230ca0f3ec895f04e4a1"},"breadcrumb":{"@id":"https:\/\/culturefoodblog.de\/profiteroles_windbeutel\/#breadcrumb"},"inLanguage":"en-GB","potentialAction":[{"@type":"ReadAction","target":["https:\/\/culturefoodblog.de\/profiteroles_windbeutel\/"]}]},{"@type":"ImageObject","inLanguage":"en-GB","@id":"https:\/\/culturefoodblog.de\/profiteroles_windbeutel\/#primaryimage","url":"https:\/\/culturefoodblog.de\/wp-content\/uploads\/2021\/03\/profiteroles_title.jpg","contentUrl":"https:\/\/culturefoodblog.de\/wp-content\/uploads\/2021\/03\/profiteroles_title.jpg","width":750,"height":504},{"@type":"BreadcrumbList","@id":"https:\/\/culturefoodblog.de\/profiteroles_windbeutel\/#breadcrumb","itemListElement":[{"@type":"ListItem","position":1,"name":"Startseite","item":"https:\/\/culturefoodblog.de\/"},{"@type":"ListItem","position":2,"name":"Profiteroles &#038; \u00c9claires au chocolat"}]},{"@type":"WebSite","@id":"https:\/\/culturefoodblog.de\/#website","url":"https:\/\/culturefoodblog.de\/","name":"Culture Food Blog - Familie, Freunde & Food","description":"Ein kulinarisches Tagebuch f\u00fcr Genie\u00dfer","potentialAction":[{"@type":"SearchAction","target":{"@type":"EntryPoint","urlTemplate":"https:\/\/culturefoodblog.de\/?s={search_term_string}"},"query-input":{"@type":"PropertyValueSpecification","valueRequired":true,"valueName":"search_term_string"}}],"inLanguage":"en-GB"},{"@type":"Person","@id":"https:\/\/culturefoodblog.de\/#\/schema\/person\/9110d3d09672230ca0f3ec895f04e4a1","name":"Culture Foodblog","url":"https:\/\/culturefoodblog.de\/en\/author\/culturefood\/"}]}},"_links":{"self":[{"href":"https:\/\/culturefoodblog.de\/en\/wp-json\/wp\/v2\/posts\/6561","targetHints":{"allow":["GET"]}}],"collection":[{"href":"https:\/\/culturefoodblog.de\/en\/wp-json\/wp\/v2\/posts"}],"about":[{"href":"https:\/\/culturefoodblog.de\/en\/wp-json\/wp\/v2\/types\/post"}],"author":[{"embeddable":true,"href":"https:\/\/culturefoodblog.de\/en\/wp-json\/wp\/v2\/users\/1"}],"replies":[{"embeddable":true,"href":"https:\/\/culturefoodblog.de\/en\/wp-json\/wp\/v2\/comments?post=6561"}],"version-history":[{"count":10,"href":"https:\/\/culturefoodblog.de\/en\/wp-json\/wp\/v2\/posts\/6561\/revisions"}],"predecessor-version":[{"id":6742,"href":"https:\/\/culturefoodblog.de\/en\/wp-json\/wp\/v2\/posts\/6561\/revisions\/6742"}],"wp:featuredmedia":[{"embeddable":true,"href":"https:\/\/culturefoodblog.de\/en\/wp-json\/wp\/v2\/media\/6574"}],"wp:attachment":[{"href":"https:\/\/culturefoodblog.de\/en\/wp-json\/wp\/v2\/media?parent=6561"}],"wp:term":[{"taxonomy":"category","embeddable":true,"href":"https:\/\/culturefoodblog.de\/en\/wp-json\/wp\/v2\/categories?post=6561"},{"taxonomy":"post_tag","embeddable":true,"href":"https:\/\/culturefoodblog.de\/en\/wp-json\/wp\/v2\/tags?post=6561"}],"curies":[{"name":"wp","href":"https:\/\/api.w.org\/{rel}","templated":true}]}}