{"id":5948,"date":"2020-05-09T13:02:00","date_gmt":"2020-05-09T11:02:00","guid":{"rendered":"https:\/\/culturefoodblog.de\/?p=5948"},"modified":"2020-05-11T13:18:31","modified_gmt":"2020-05-11T11:18:31","slug":"salat-mit-dinkel-und-lamm","status":"publish","type":"post","link":"https:\/\/culturefoodblog.de\/en\/salat-mit-dinkel-und-lamm\/","title":{"rendered":"Inspiration: Salat mit Dinkel und Mini-Lammfrikadellen"},"content":{"rendered":"<p>Schnell und einfach zubereitet<\/p>\n\n\n\n<figure class=\"wp-block-image size-large\"><a href=\"https:\/\/culturefoodblog.de\/wp-content\/uploads\/2020\/05\/SalatmitLamm1.jpg\"><img decoding=\"async\" width=\"1024\" height=\"698\" src=\"https:\/\/culturefoodblog.de\/wp-content\/uploads\/2020\/05\/SalatmitLamm1-1024x698.jpg\" data-orig-src=\"https:\/\/culturefoodblog.de\/wp-content\/uploads\/2020\/05\/SalatmitLamm1-1024x698.jpg\" alt=\"\" class=\"lazyload wp-image-5950\" srcset=\"data:image\/svg+xml,%3Csvg%20xmlns%3D%27http%3A%2F%2Fwww.w3.org%2F2000%2Fsvg%27%20width%3D%271024%27%20height%3D%27698%27%20viewBox%3D%270%200%201024%20698%27%3E%3Crect%20width%3D%271024%27%20height%3D%27698%27%20fill-opacity%3D%220%22%2F%3E%3C%2Fsvg%3E\" data-srcset=\"https:\/\/culturefoodblog.de\/wp-content\/uploads\/2020\/05\/SalatmitLamm1-300x205.jpg 300w, https:\/\/culturefoodblog.de\/wp-content\/uploads\/2020\/05\/SalatmitLamm1-600x409.jpg 600w, https:\/\/culturefoodblog.de\/wp-content\/uploads\/2020\/05\/SalatmitLamm1-768x524.jpg 768w, https:\/\/culturefoodblog.de\/wp-content\/uploads\/2020\/05\/SalatmitLamm1-1024x698.jpg 1024w, https:\/\/culturefoodblog.de\/wp-content\/uploads\/2020\/05\/SalatmitLamm1.jpg 1500w\" data-sizes=\"auto\" data-orig-sizes=\"(max-width: 1024px) 100vw, 1024px\" \/><\/a><\/figure>\n\n\n\n<p><em>Unter dieser Kategorie finden Sie neue Inspirationen f\u00fcr kreative Kochideen. Rezepte ohne detaillierte Arbeitsschritte oder Mengenangaben. Durchsuchen Sie unsere vielf\u00e4ltige Rezeptewelt und entdecken Sie Ihre CULTURE FOOD Favoriten.<\/em><\/p>\n\n\n\n<div class=\"wp-block-image\"><figure class=\"aligncenter size-large\"><img decoding=\"async\" width=\"200\" height=\"53\" src=\"data:image\/svg+xml,%3Csvg%20xmlns%3D%27http%3A%2F%2Fwww.w3.org%2F2000%2Fsvg%27%20width%3D%27200%27%20height%3D%2753%27%20viewBox%3D%270%200%20200%2053%27%3E%3Crect%20width%3D%27200%27%20height%3D%2753%27%20fill-opacity%3D%220%22%2F%3E%3C%2Fsvg%3E\" data-orig-src=\"https:\/\/culturefoodblog.de\/wp-content\/uploads\/2018\/01\/trenner.jpg\" alt=\"\" class=\"lazyload wp-image-5583\"\/><\/figure><\/div>\n\n\n\n<p>Dieser Salat ist perfekt f\u00fcr den Sommer und warme Tage im Freien: Gemischte Salatbl\u00e4tter oder Wildkr\u00e4utersalat auf Dinkel mit griechischem Joghurt aus Schafsmilch, ger\u00f6steten Pinienkernen, frisch gezupftem Dill und Minzbl\u00e4ttern. Dazu in Butter gebratene, kleine Lammfrikadellen, die mit etwas Minze, Petersilie und Sumach gew\u00fcrzt wurden und am besten noch lauwarm serviert werden sollten. <\/p>\n\n\n\n<p><strong><em>Gutes Gelingen und einen ebenso guten Appetit!<\/em><\/strong> <\/p>\n\n\n\n<figure class=\"wp-block-image size-large\"><img decoding=\"async\" width=\"578\" height=\"140\" src=\"https:\/\/culturefoodblog.de\/wp-content\/uploads\/2020\/05\/Kochl\u00f6ffel-trenner.jpg\" data-orig-src=\"https:\/\/culturefoodblog.de\/wp-content\/uploads\/2020\/05\/Kochl\u00f6ffel-trenner.jpg\" alt=\"\" class=\"lazyload wp-image-5876\" srcset=\"data:image\/svg+xml,%3Csvg%20xmlns%3D%27http%3A%2F%2Fwww.w3.org%2F2000%2Fsvg%27%20width%3D%27578%27%20height%3D%27140%27%20viewBox%3D%270%200%20578%20140%27%3E%3Crect%20width%3D%27578%27%20height%3D%27140%27%20fill-opacity%3D%220%22%2F%3E%3C%2Fsvg%3E\" data-srcset=\"https:\/\/culturefoodblog.de\/wp-content\/uploads\/2020\/05\/Kochl\u00f6ffel-trenner-300x73.jpg 300w, https:\/\/culturefoodblog.de\/wp-content\/uploads\/2020\/05\/Kochl\u00f6ffel-trenner.jpg 578w\" data-sizes=\"auto\" data-orig-sizes=\"(max-width: 578px) 100vw, 578px\" \/><\/figure>\n\n\n\n<p>Leser, die dieses Rezept gelesen haben, interessierten sich auch f\u00fcr die folgenden Artikel:<\/p>\n\n\n\n<p>\u2192 <a href=\"https:\/\/culturefoodblog.de\/en\/category\/quiches-tartes\/\" class=\"aioseop-link\">Quiches<\/a> <br>\u2192 <a href=\"https:\/\/culturefoodblog.de\/en\/category\/vegetarisch\/\" class=\"aioseop-link\">Vegetarische Gerichte <\/a><br>\u2192 <a href=\"https:\/\/culturefoodblog.de\/en\/category\/salate\/\" class=\"aioseop-link\">Salate<\/a> <\/p>","protected":false},"excerpt":{"rendered":"<p>Schnell und einfach zubereitet Unter dieser Kategorie finden Sie neue Inspirationen f\u00fcr kreative Kochideen. Rezepte<\/p>","protected":false},"author":1,"featured_media":5951,"comment_status":"open","ping_status":"open","sticky":false,"template":"","format":"standard","meta":{"footnotes":""},"categories":[676,84,87,95],"tags":[687,689,298,688],"class_list":["post-5948","post","type-post","status-publish","format-standard","has-post-thumbnail","hentry","category-inspiration","category-salate","category-schneller-teller-platdujour","category-vegetarisch","tag-dinkel","tag-hackfleisch","tag-lamm","tag-salat-mit-lamm"],"yoast_head":"<!-- This site is optimized with the Yoast SEO plugin v25.4 - https:\/\/yoast.com\/wordpress\/plugins\/seo\/ -->\n<title>Inspiration: Salat mit Dinkel und Mini-Lammfrikadellen - Culture Food Blog - Familie, Freunde &amp; Food<\/title>\n<meta name=\"robots\" content=\"index, follow, max-snippet:-1, max-image-preview:large, max-video-preview:-1\" \/>\n<link rel=\"canonical\" href=\"https:\/\/culturefoodblog.de\/en\/salat-mit-dinkel-und-lamm\/\" \/>\n<meta property=\"og:locale\" content=\"en_GB\" \/>\n<meta property=\"og:type\" content=\"article\" \/>\n<meta property=\"og:title\" content=\"Inspiration: Salat mit Dinkel und Mini-Lammfrikadellen - Culture Food Blog - Familie, Freunde &amp; Food\" \/>\n<meta property=\"og:description\" content=\"Schnell und einfach zubereitet Unter dieser Kategorie finden Sie neue Inspirationen f\u00fcr kreative Kochideen. Rezepte\" \/>\n<meta property=\"og:url\" content=\"https:\/\/culturefoodblog.de\/en\/salat-mit-dinkel-und-lamm\/\" \/>\n<meta property=\"og:site_name\" content=\"Culture Food Blog - Familie, Freunde &amp; Food\" \/>\n<meta property=\"article:publisher\" content=\"https:\/\/www.facebook.com\/culturefoodblog\" \/>\n<meta property=\"article:published_time\" content=\"2020-05-09T11:02:00+00:00\" \/>\n<meta property=\"article:modified_time\" content=\"2020-05-11T11:18:31+00:00\" \/>\n<meta property=\"og:image\" content=\"https:\/\/culturefoodblog.de\/wp-content\/uploads\/2020\/05\/SalatmitLammtitel.jpg\" \/>\n\t<meta property=\"og:image:width\" content=\"800\" \/>\n\t<meta property=\"og:image:height\" content=\"546\" \/>\n\t<meta property=\"og:image:type\" content=\"image\/jpeg\" \/>\n<meta name=\"author\" content=\"Culture Foodblog\" \/>\n<meta name=\"twitter:card\" content=\"summary_large_image\" \/>\n<meta name=\"twitter:label1\" content=\"Written by\" \/>\n\t<meta name=\"twitter:data1\" content=\"Culture Foodblog\" \/>\n\t<meta name=\"twitter:label2\" content=\"Estimated reading time\" \/>\n\t<meta name=\"twitter:data2\" content=\"1 minute\" \/>\n<script type=\"application\/ld+json\" class=\"yoast-schema-graph\">{\"@context\":\"https:\/\/schema.org\",\"@graph\":[{\"@type\":\"WebPage\",\"@id\":\"https:\/\/culturefoodblog.de\/salat-mit-dinkel-und-lamm\/\",\"url\":\"https:\/\/culturefoodblog.de\/salat-mit-dinkel-und-lamm\/\",\"name\":\"Inspiration: Salat mit Dinkel und Mini-Lammfrikadellen - Culture Food Blog - Familie, Freunde &amp; Food\",\"isPartOf\":{\"@id\":\"https:\/\/culturefoodblog.de\/#website\"},\"primaryImageOfPage\":{\"@id\":\"https:\/\/culturefoodblog.de\/salat-mit-dinkel-und-lamm\/#primaryimage\"},\"image\":{\"@id\":\"https:\/\/culturefoodblog.de\/salat-mit-dinkel-und-lamm\/#primaryimage\"},\"thumbnailUrl\":\"https:\/\/culturefoodblog.de\/wp-content\/uploads\/2020\/05\/SalatmitLammtitel.jpg\",\"datePublished\":\"2020-05-09T11:02:00+00:00\",\"dateModified\":\"2020-05-11T11:18:31+00:00\",\"author\":{\"@id\":\"https:\/\/culturefoodblog.de\/#\/schema\/person\/9110d3d09672230ca0f3ec895f04e4a1\"},\"breadcrumb\":{\"@id\":\"https:\/\/culturefoodblog.de\/salat-mit-dinkel-und-lamm\/#breadcrumb\"},\"inLanguage\":\"en-GB\",\"potentialAction\":[{\"@type\":\"ReadAction\",\"target\":[\"https:\/\/culturefoodblog.de\/salat-mit-dinkel-und-lamm\/\"]}]},{\"@type\":\"ImageObject\",\"inLanguage\":\"en-GB\",\"@id\":\"https:\/\/culturefoodblog.de\/salat-mit-dinkel-und-lamm\/#primaryimage\",\"url\":\"https:\/\/culturefoodblog.de\/wp-content\/uploads\/2020\/05\/SalatmitLammtitel.jpg\",\"contentUrl\":\"https:\/\/culturefoodblog.de\/wp-content\/uploads\/2020\/05\/SalatmitLammtitel.jpg\",\"width\":800,\"height\":546},{\"@type\":\"BreadcrumbList\",\"@id\":\"https:\/\/culturefoodblog.de\/salat-mit-dinkel-und-lamm\/#breadcrumb\",\"itemListElement\":[{\"@type\":\"ListItem\",\"position\":1,\"name\":\"Startseite\",\"item\":\"https:\/\/culturefoodblog.de\/\"},{\"@type\":\"ListItem\",\"position\":2,\"name\":\"Inspiration: Salat mit Dinkel und Mini-Lammfrikadellen\"}]},{\"@type\":\"WebSite\",\"@id\":\"https:\/\/culturefoodblog.de\/#website\",\"url\":\"https:\/\/culturefoodblog.de\/\",\"name\":\"Culture Food Blog - Familie, Freunde & Food\",\"description\":\"Ein kulinarisches Tagebuch f\u00fcr Genie\u00dfer\",\"potentialAction\":[{\"@type\":\"SearchAction\",\"target\":{\"@type\":\"EntryPoint\",\"urlTemplate\":\"https:\/\/culturefoodblog.de\/?s={search_term_string}\"},\"query-input\":{\"@type\":\"PropertyValueSpecification\",\"valueRequired\":true,\"valueName\":\"search_term_string\"}}],\"inLanguage\":\"en-GB\"},{\"@type\":\"Person\",\"@id\":\"https:\/\/culturefoodblog.de\/#\/schema\/person\/9110d3d09672230ca0f3ec895f04e4a1\",\"name\":\"Culture Foodblog\",\"url\":\"https:\/\/culturefoodblog.de\/en\/author\/culturefood\/\"}]}<\/script>\n<!-- \/ Yoast SEO plugin. -->","yoast_head_json":{"title":"Inspiration: Salat mit Dinkel und Mini-Lammfrikadellen - Culture Food Blog - Familie, Freunde &amp; Food","robots":{"index":"index","follow":"follow","max-snippet":"max-snippet:-1","max-image-preview":"max-image-preview:large","max-video-preview":"max-video-preview:-1"},"canonical":"https:\/\/culturefoodblog.de\/en\/salat-mit-dinkel-und-lamm\/","og_locale":"en_GB","og_type":"article","og_title":"Inspiration: Salat mit Dinkel und Mini-Lammfrikadellen - Culture Food Blog - Familie, Freunde &amp; Food","og_description":"Schnell und einfach zubereitet Unter dieser Kategorie finden Sie neue Inspirationen f\u00fcr kreative Kochideen. Rezepte","og_url":"https:\/\/culturefoodblog.de\/en\/salat-mit-dinkel-und-lamm\/","og_site_name":"Culture Food Blog - Familie, Freunde &amp; Food","article_publisher":"https:\/\/www.facebook.com\/culturefoodblog","article_published_time":"2020-05-09T11:02:00+00:00","article_modified_time":"2020-05-11T11:18:31+00:00","og_image":[{"width":800,"height":546,"url":"https:\/\/culturefoodblog.de\/wp-content\/uploads\/2020\/05\/SalatmitLammtitel.jpg","type":"image\/jpeg"}],"author":"Culture Foodblog","twitter_card":"summary_large_image","twitter_misc":{"Written by":"Culture Foodblog","Estimated reading time":"1 minute"},"schema":{"@context":"https:\/\/schema.org","@graph":[{"@type":"WebPage","@id":"https:\/\/culturefoodblog.de\/salat-mit-dinkel-und-lamm\/","url":"https:\/\/culturefoodblog.de\/salat-mit-dinkel-und-lamm\/","name":"Inspiration: Salat mit Dinkel und Mini-Lammfrikadellen - Culture Food Blog - Familie, Freunde &amp; Food","isPartOf":{"@id":"https:\/\/culturefoodblog.de\/#website"},"primaryImageOfPage":{"@id":"https:\/\/culturefoodblog.de\/salat-mit-dinkel-und-lamm\/#primaryimage"},"image":{"@id":"https:\/\/culturefoodblog.de\/salat-mit-dinkel-und-lamm\/#primaryimage"},"thumbnailUrl":"https:\/\/culturefoodblog.de\/wp-content\/uploads\/2020\/05\/SalatmitLammtitel.jpg","datePublished":"2020-05-09T11:02:00+00:00","dateModified":"2020-05-11T11:18:31+00:00","author":{"@id":"https:\/\/culturefoodblog.de\/#\/schema\/person\/9110d3d09672230ca0f3ec895f04e4a1"},"breadcrumb":{"@id":"https:\/\/culturefoodblog.de\/salat-mit-dinkel-und-lamm\/#breadcrumb"},"inLanguage":"en-GB","potentialAction":[{"@type":"ReadAction","target":["https:\/\/culturefoodblog.de\/salat-mit-dinkel-und-lamm\/"]}]},{"@type":"ImageObject","inLanguage":"en-GB","@id":"https:\/\/culturefoodblog.de\/salat-mit-dinkel-und-lamm\/#primaryimage","url":"https:\/\/culturefoodblog.de\/wp-content\/uploads\/2020\/05\/SalatmitLammtitel.jpg","contentUrl":"https:\/\/culturefoodblog.de\/wp-content\/uploads\/2020\/05\/SalatmitLammtitel.jpg","width":800,"height":546},{"@type":"BreadcrumbList","@id":"https:\/\/culturefoodblog.de\/salat-mit-dinkel-und-lamm\/#breadcrumb","itemListElement":[{"@type":"ListItem","position":1,"name":"Startseite","item":"https:\/\/culturefoodblog.de\/"},{"@type":"ListItem","position":2,"name":"Inspiration: Salat mit Dinkel und Mini-Lammfrikadellen"}]},{"@type":"WebSite","@id":"https:\/\/culturefoodblog.de\/#website","url":"https:\/\/culturefoodblog.de\/","name":"Culture Food Blog - Familie, Freunde & Food","description":"Ein kulinarisches Tagebuch f\u00fcr Genie\u00dfer","potentialAction":[{"@type":"SearchAction","target":{"@type":"EntryPoint","urlTemplate":"https:\/\/culturefoodblog.de\/?s={search_term_string}"},"query-input":{"@type":"PropertyValueSpecification","valueRequired":true,"valueName":"search_term_string"}}],"inLanguage":"en-GB"},{"@type":"Person","@id":"https:\/\/culturefoodblog.de\/#\/schema\/person\/9110d3d09672230ca0f3ec895f04e4a1","name":"Culture Foodblog","url":"https:\/\/culturefoodblog.de\/en\/author\/culturefood\/"}]}},"_links":{"self":[{"href":"https:\/\/culturefoodblog.de\/en\/wp-json\/wp\/v2\/posts\/5948","targetHints":{"allow":["GET"]}}],"collection":[{"href":"https:\/\/culturefoodblog.de\/en\/wp-json\/wp\/v2\/posts"}],"about":[{"href":"https:\/\/culturefoodblog.de\/en\/wp-json\/wp\/v2\/types\/post"}],"author":[{"embeddable":true,"href":"https:\/\/culturefoodblog.de\/en\/wp-json\/wp\/v2\/users\/1"}],"replies":[{"embeddable":true,"href":"https:\/\/culturefoodblog.de\/en\/wp-json\/wp\/v2\/comments?post=5948"}],"version-history":[{"count":1,"href":"https:\/\/culturefoodblog.de\/en\/wp-json\/wp\/v2\/posts\/5948\/revisions"}],"predecessor-version":[{"id":5952,"href":"https:\/\/culturefoodblog.de\/en\/wp-json\/wp\/v2\/posts\/5948\/revisions\/5952"}],"wp:featuredmedia":[{"embeddable":true,"href":"https:\/\/culturefoodblog.de\/en\/wp-json\/wp\/v2\/media\/5951"}],"wp:attachment":[{"href":"https:\/\/culturefoodblog.de\/en\/wp-json\/wp\/v2\/media?parent=5948"}],"wp:term":[{"taxonomy":"category","embeddable":true,"href":"https:\/\/culturefoodblog.de\/en\/wp-json\/wp\/v2\/categories?post=5948"},{"taxonomy":"post_tag","embeddable":true,"href":"https:\/\/culturefoodblog.de\/en\/wp-json\/wp\/v2\/tags?post=5948"}],"curies":[{"name":"wp","href":"https:\/\/api.w.org\/{rel}","templated":true}]}}