{"id":4074,"date":"2010-08-17T11:54:03","date_gmt":"2010-08-17T09:54:03","guid":{"rendered":"https:\/\/culturefoodblog.de\/?p=4074"},"modified":"2016-11-04T09:44:09","modified_gmt":"2016-11-04T08:44:09","slug":"categoryheute_im_glas","status":"publish","type":"post","link":"https:\/\/culturefoodblog.de\/en\/categoryheute_im_glas\/","title":{"rendered":"HEUTE IM GLAS"},"content":{"rendered":"<p>[vc_row][vc_column][vc_column_text]<\/p>\n<h4><em>\u00a0Weinnotizen und vinophile Entdeckungstouren jenseits vom Mainstream.\u00a0Neuentdeckungen, Empfehlungen und Geheimtipps der\u00a0erfahrensten Weinjournalisten und renommiertesten Weinkritiker<\/em><\/h4>\n<p>&nbsp;<\/p>\n<p><a href=\"https:\/\/culturefoodblog.de\/wp-content\/uploads\/2011\/08\/heuteimglas1.jpg\"><img decoding=\"async\" class=\"lazyload alignnone size-full wp-image-3957\" src=\"https:\/\/culturefoodblog.de\/wp-content\/uploads\/2011\/08\/heuteimglas1.jpg\" data-orig-src=\"https:\/\/culturefoodblog.de\/wp-content\/uploads\/2011\/08\/heuteimglas1.jpg\" alt=\"heuteimglas1\" width=\"1500\" height=\"1023\" srcset=\"data:image\/svg+xml,%3Csvg%20xmlns%3D%27http%3A%2F%2Fwww.w3.org%2F2000%2Fsvg%27%20width%3D%271500%27%20height%3D%271023%27%20viewBox%3D%270%200%201500%201023%27%3E%3Crect%20width%3D%271500%27%20height%3D%271023%27%20fill-opacity%3D%220%22%2F%3E%3C%2Fsvg%3E\" data-srcset=\"https:\/\/culturefoodblog.de\/wp-content\/uploads\/2011\/08\/heuteimglas1-300x205.jpg 300w, https:\/\/culturefoodblog.de\/wp-content\/uploads\/2011\/08\/heuteimglas1-600x409.jpg 600w, https:\/\/culturefoodblog.de\/wp-content\/uploads\/2011\/08\/heuteimglas1-768x524.jpg 768w, https:\/\/culturefoodblog.de\/wp-content\/uploads\/2011\/08\/heuteimglas1-1024x698.jpg 1024w, https:\/\/culturefoodblog.de\/wp-content\/uploads\/2011\/08\/heuteimglas1.jpg 1500w\" data-sizes=\"auto\" data-orig-sizes=\"(max-width: 1500px) 100vw, 1500px\" \/><\/a><\/p>\n<p>&nbsp;<\/p>\n<p>Genie\u00dfer wissen aus Erfahrung, dass die Welt der Weine unglaublich viele unterschiedliche Facetten hat. Mich selbst begeistert das Thema seit Jahrzehnten in unterschiedlichen Positionen, sei es als Publizist, als Gastronom, Garagenweinh\u00e4ndler, Gesch\u00e4ftsf\u00fchrer auf einem VDP-Weingut, Vertriebs- und Marketingleiter, privater Sammler oder als Konsument.<\/p>\n<h4>HEUTE IM GLAS<\/h4>\n<p><a href=\"https:\/\/culturefoodblog.de\/en\/category\/heute_im_glas\/\">\u2192 <strong>Hier<\/strong> ist festgehalten, was bei mir in den letzten Wochen ins Glas kam<\/a>&#8230;<\/p>\n<h4>GEBALLTE KOMPETENZ<\/h4>\n<p><a href=\"https:\/\/culturefoodblog.de\/index.php\/wein\/\"><strong>\u2192 Hier<\/strong> finden Sie eine Adress- und Linksammlung mit den besten K\u00f6pfen der Weinbranche<\/a>.<\/p>\n<h4>FOOD &amp; WINE PAIRING<\/h4>\n<p><a href=\"http:\/\/www.welcherweinzu.de\/\" target=\"_blank\">\u2192 Welcher Wein passt zu welchem Essen?<\/a>\u00a0\u00a0Finden Sie ganz einfach den passenden Wein zu jeder Speise.[\/vc_column_text][\/vc_column][\/vc_row][vc_row][vc_column][thb_gap height=&#8220;80&#8243;][thb_postgrid style=&#8220;style2&#8243; source=&#8220;by-category&#8220; cat=&#8220;97&#8243; item_count=&#8220;5&#8243;][thb_gap height=&#8220;50&#8243;][\/vc_column][\/vc_row]<\/p>","protected":false},"excerpt":{"rendered":"<p>[vc_row][vc_column][vc_column_text] \u00a0Weinnotizen und vinophile Entdeckungstouren jenseits vom Mainstream.\u00a0Neuentdeckungen, Empfehlungen und Geheimtipps der\u00a0erfahrensten Weinjournalisten und renommiertesten<\/p>","protected":false},"author":1,"featured_media":3354,"comment_status":"closed","ping_status":"open","sticky":false,"template":"","format":"standard","meta":{"footnotes":""},"categories":[69],"tags":[],"class_list":["post-4074","post","type-post","status-publish","format-standard","has-post-thumbnail","hentry","category-themen"],"yoast_head":"<!-- This site is optimized with the Yoast SEO plugin v25.4 - https:\/\/yoast.com\/wordpress\/plugins\/seo\/ -->\n<title>HEUTE IM GLAS - Culture Food Blog - Familie, Freunde &amp; Food<\/title>\n<meta name=\"robots\" content=\"index, follow, max-snippet:-1, max-image-preview:large, max-video-preview:-1\" \/>\n<link rel=\"canonical\" href=\"https:\/\/culturefoodblog.de\/en\/categoryheute_im_glas\/\" \/>\n<meta property=\"og:locale\" content=\"en_GB\" \/>\n<meta property=\"og:type\" content=\"article\" \/>\n<meta property=\"og:title\" content=\"HEUTE IM GLAS - Culture Food Blog - Familie, Freunde &amp; Food\" \/>\n<meta property=\"og:description\" content=\"[vc_row][vc_column][vc_column_text] \u00a0Weinnotizen und vinophile Entdeckungstouren jenseits vom Mainstream.\u00a0Neuentdeckungen, Empfehlungen und Geheimtipps der\u00a0erfahrensten Weinjournalisten und renommiertesten\" \/>\n<meta property=\"og:url\" content=\"https:\/\/culturefoodblog.de\/en\/categoryheute_im_glas\/\" \/>\n<meta property=\"og:site_name\" content=\"Culture Food Blog - Familie, Freunde &amp; Food\" \/>\n<meta property=\"article:publisher\" content=\"https:\/\/www.facebook.com\/culturefoodblog\" \/>\n<meta property=\"article:published_time\" content=\"2010-08-17T09:54:03+00:00\" \/>\n<meta property=\"article:modified_time\" content=\"2016-11-04T08:44:09+00:00\" \/>\n<meta property=\"og:image\" content=\"https:\/\/culturefoodblog.de\/wp-content\/uploads\/2016\/08\/culturefood_inhalt10b-1.jpg\" \/>\n\t<meta property=\"og:image:width\" content=\"1000\" \/>\n\t<meta property=\"og:image:height\" content=\"667\" \/>\n\t<meta property=\"og:image:type\" content=\"image\/jpeg\" \/>\n<meta name=\"author\" content=\"Culture Foodblog\" \/>\n<meta name=\"twitter:card\" content=\"summary_large_image\" \/>\n<meta name=\"twitter:label1\" content=\"Written by\" \/>\n\t<meta name=\"twitter:data1\" content=\"Culture Foodblog\" \/>\n\t<meta name=\"twitter:label2\" content=\"Estimated reading time\" \/>\n\t<meta name=\"twitter:data2\" content=\"1 minute\" \/>\n<script type=\"application\/ld+json\" class=\"yoast-schema-graph\">{\"@context\":\"https:\/\/schema.org\",\"@graph\":[{\"@type\":\"WebPage\",\"@id\":\"https:\/\/culturefoodblog.de\/categoryheute_im_glas\/\",\"url\":\"https:\/\/culturefoodblog.de\/categoryheute_im_glas\/\",\"name\":\"HEUTE IM GLAS - Culture Food Blog - Familie, Freunde &amp; Food\",\"isPartOf\":{\"@id\":\"https:\/\/culturefoodblog.de\/#website\"},\"primaryImageOfPage\":{\"@id\":\"https:\/\/culturefoodblog.de\/categoryheute_im_glas\/#primaryimage\"},\"image\":{\"@id\":\"https:\/\/culturefoodblog.de\/categoryheute_im_glas\/#primaryimage\"},\"thumbnailUrl\":\"https:\/\/culturefoodblog.de\/wp-content\/uploads\/2016\/08\/culturefood_inhalt10b-1.jpg\",\"datePublished\":\"2010-08-17T09:54:03+00:00\",\"dateModified\":\"2016-11-04T08:44:09+00:00\",\"author\":{\"@id\":\"https:\/\/culturefoodblog.de\/#\/schema\/person\/9110d3d09672230ca0f3ec895f04e4a1\"},\"breadcrumb\":{\"@id\":\"https:\/\/culturefoodblog.de\/categoryheute_im_glas\/#breadcrumb\"},\"inLanguage\":\"en-GB\",\"potentialAction\":[{\"@type\":\"ReadAction\",\"target\":[\"https:\/\/culturefoodblog.de\/categoryheute_im_glas\/\"]}]},{\"@type\":\"ImageObject\",\"inLanguage\":\"en-GB\",\"@id\":\"https:\/\/culturefoodblog.de\/categoryheute_im_glas\/#primaryimage\",\"url\":\"https:\/\/culturefoodblog.de\/wp-content\/uploads\/2016\/08\/culturefood_inhalt10b-1.jpg\",\"contentUrl\":\"https:\/\/culturefoodblog.de\/wp-content\/uploads\/2016\/08\/culturefood_inhalt10b-1.jpg\",\"width\":1000,\"height\":667},{\"@type\":\"BreadcrumbList\",\"@id\":\"https:\/\/culturefoodblog.de\/categoryheute_im_glas\/#breadcrumb\",\"itemListElement\":[{\"@type\":\"ListItem\",\"position\":1,\"name\":\"Startseite\",\"item\":\"https:\/\/culturefoodblog.de\/\"},{\"@type\":\"ListItem\",\"position\":2,\"name\":\"HEUTE IM GLAS\"}]},{\"@type\":\"WebSite\",\"@id\":\"https:\/\/culturefoodblog.de\/#website\",\"url\":\"https:\/\/culturefoodblog.de\/\",\"name\":\"Culture Food Blog - Familie, Freunde & Food\",\"description\":\"Ein kulinarisches Tagebuch f\u00fcr Genie\u00dfer\",\"potentialAction\":[{\"@type\":\"SearchAction\",\"target\":{\"@type\":\"EntryPoint\",\"urlTemplate\":\"https:\/\/culturefoodblog.de\/?s={search_term_string}\"},\"query-input\":{\"@type\":\"PropertyValueSpecification\",\"valueRequired\":true,\"valueName\":\"search_term_string\"}}],\"inLanguage\":\"en-GB\"},{\"@type\":\"Person\",\"@id\":\"https:\/\/culturefoodblog.de\/#\/schema\/person\/9110d3d09672230ca0f3ec895f04e4a1\",\"name\":\"Culture Foodblog\",\"url\":\"https:\/\/culturefoodblog.de\/en\/author\/culturefood\/\"}]}<\/script>\n<!-- \/ Yoast SEO plugin. -->","yoast_head_json":{"title":"HEUTE IM GLAS - Culture Food Blog - Familie, Freunde &amp; Food","robots":{"index":"index","follow":"follow","max-snippet":"max-snippet:-1","max-image-preview":"max-image-preview:large","max-video-preview":"max-video-preview:-1"},"canonical":"https:\/\/culturefoodblog.de\/en\/categoryheute_im_glas\/","og_locale":"en_GB","og_type":"article","og_title":"HEUTE IM GLAS - Culture Food Blog - Familie, Freunde &amp; Food","og_description":"[vc_row][vc_column][vc_column_text] \u00a0Weinnotizen und vinophile Entdeckungstouren jenseits vom Mainstream.\u00a0Neuentdeckungen, Empfehlungen und Geheimtipps der\u00a0erfahrensten Weinjournalisten und renommiertesten","og_url":"https:\/\/culturefoodblog.de\/en\/categoryheute_im_glas\/","og_site_name":"Culture Food Blog - Familie, Freunde &amp; Food","article_publisher":"https:\/\/www.facebook.com\/culturefoodblog","article_published_time":"2010-08-17T09:54:03+00:00","article_modified_time":"2016-11-04T08:44:09+00:00","og_image":[{"width":1000,"height":667,"url":"https:\/\/culturefoodblog.de\/wp-content\/uploads\/2016\/08\/culturefood_inhalt10b-1.jpg","type":"image\/jpeg"}],"author":"Culture Foodblog","twitter_card":"summary_large_image","twitter_misc":{"Written by":"Culture Foodblog","Estimated reading time":"1 minute"},"schema":{"@context":"https:\/\/schema.org","@graph":[{"@type":"WebPage","@id":"https:\/\/culturefoodblog.de\/categoryheute_im_glas\/","url":"https:\/\/culturefoodblog.de\/categoryheute_im_glas\/","name":"HEUTE IM GLAS - Culture Food Blog - Familie, Freunde &amp; Food","isPartOf":{"@id":"https:\/\/culturefoodblog.de\/#website"},"primaryImageOfPage":{"@id":"https:\/\/culturefoodblog.de\/categoryheute_im_glas\/#primaryimage"},"image":{"@id":"https:\/\/culturefoodblog.de\/categoryheute_im_glas\/#primaryimage"},"thumbnailUrl":"https:\/\/culturefoodblog.de\/wp-content\/uploads\/2016\/08\/culturefood_inhalt10b-1.jpg","datePublished":"2010-08-17T09:54:03+00:00","dateModified":"2016-11-04T08:44:09+00:00","author":{"@id":"https:\/\/culturefoodblog.de\/#\/schema\/person\/9110d3d09672230ca0f3ec895f04e4a1"},"breadcrumb":{"@id":"https:\/\/culturefoodblog.de\/categoryheute_im_glas\/#breadcrumb"},"inLanguage":"en-GB","potentialAction":[{"@type":"ReadAction","target":["https:\/\/culturefoodblog.de\/categoryheute_im_glas\/"]}]},{"@type":"ImageObject","inLanguage":"en-GB","@id":"https:\/\/culturefoodblog.de\/categoryheute_im_glas\/#primaryimage","url":"https:\/\/culturefoodblog.de\/wp-content\/uploads\/2016\/08\/culturefood_inhalt10b-1.jpg","contentUrl":"https:\/\/culturefoodblog.de\/wp-content\/uploads\/2016\/08\/culturefood_inhalt10b-1.jpg","width":1000,"height":667},{"@type":"BreadcrumbList","@id":"https:\/\/culturefoodblog.de\/categoryheute_im_glas\/#breadcrumb","itemListElement":[{"@type":"ListItem","position":1,"name":"Startseite","item":"https:\/\/culturefoodblog.de\/"},{"@type":"ListItem","position":2,"name":"HEUTE IM GLAS"}]},{"@type":"WebSite","@id":"https:\/\/culturefoodblog.de\/#website","url":"https:\/\/culturefoodblog.de\/","name":"Culture Food Blog - Familie, Freunde & Food","description":"Ein kulinarisches Tagebuch f\u00fcr Genie\u00dfer","potentialAction":[{"@type":"SearchAction","target":{"@type":"EntryPoint","urlTemplate":"https:\/\/culturefoodblog.de\/?s={search_term_string}"},"query-input":{"@type":"PropertyValueSpecification","valueRequired":true,"valueName":"search_term_string"}}],"inLanguage":"en-GB"},{"@type":"Person","@id":"https:\/\/culturefoodblog.de\/#\/schema\/person\/9110d3d09672230ca0f3ec895f04e4a1","name":"Culture Foodblog","url":"https:\/\/culturefoodblog.de\/en\/author\/culturefood\/"}]}},"_links":{"self":[{"href":"https:\/\/culturefoodblog.de\/en\/wp-json\/wp\/v2\/posts\/4074","targetHints":{"allow":["GET"]}}],"collection":[{"href":"https:\/\/culturefoodblog.de\/en\/wp-json\/wp\/v2\/posts"}],"about":[{"href":"https:\/\/culturefoodblog.de\/en\/wp-json\/wp\/v2\/types\/post"}],"author":[{"embeddable":true,"href":"https:\/\/culturefoodblog.de\/en\/wp-json\/wp\/v2\/users\/1"}],"replies":[{"embeddable":true,"href":"https:\/\/culturefoodblog.de\/en\/wp-json\/wp\/v2\/comments?post=4074"}],"version-history":[{"count":3,"href":"https:\/\/culturefoodblog.de\/en\/wp-json\/wp\/v2\/posts\/4074\/revisions"}],"predecessor-version":[{"id":4718,"href":"https:\/\/culturefoodblog.de\/en\/wp-json\/wp\/v2\/posts\/4074\/revisions\/4718"}],"wp:featuredmedia":[{"embeddable":true,"href":"https:\/\/culturefoodblog.de\/en\/wp-json\/wp\/v2\/media\/3354"}],"wp:attachment":[{"href":"https:\/\/culturefoodblog.de\/en\/wp-json\/wp\/v2\/media?parent=4074"}],"wp:term":[{"taxonomy":"category","embeddable":true,"href":"https:\/\/culturefoodblog.de\/en\/wp-json\/wp\/v2\/categories?post=4074"},{"taxonomy":"post_tag","embeddable":true,"href":"https:\/\/culturefoodblog.de\/en\/wp-json\/wp\/v2\/tags?post=4074"}],"curies":[{"name":"wp","href":"https:\/\/api.w.org\/{rel}","templated":true}]}}