{"id":2753,"date":"2016-07-17T18:45:26","date_gmt":"2016-07-17T17:45:26","guid":{"rendered":"https:\/\/culturefoodblog.de\/?p=2753"},"modified":"2016-08-15T14:12:36","modified_gmt":"2016-08-15T12:12:36","slug":"prosecco_bisol","status":"publish","type":"post","link":"https:\/\/culturefoodblog.de\/en\/prosecco_bisol\/","title":{"rendered":"Prosecco Bisol aus Valdobbiadene &#8211; der feine Unterschied!"},"content":{"rendered":"<p><em>Von wegen billige Weinbrause aus dem Supermarktregal: In den schroffen H\u00e4ngen des Treviso produziert die Familie Bisol h\u00f6chst elegante und anmutige Prosecchi.<\/em><\/p>\n<p>&nbsp;<\/p>\n<p><a href=\"https:\/\/culturefoodblog.de\/wp-content\/uploads\/2016\/07\/bisol-glas.jpg\"><img decoding=\"async\" class=\"lazyload alignnone size-full wp-image-3855\" src=\"https:\/\/culturefoodblog.de\/wp-content\/uploads\/2016\/07\/bisol-glas.jpg\" data-orig-src=\"https:\/\/culturefoodblog.de\/wp-content\/uploads\/2016\/07\/bisol-glas.jpg\" alt=\"bisol-glas\" width=\"1500\" height=\"1023\" srcset=\"data:image\/svg+xml,%3Csvg%20xmlns%3D%27http%3A%2F%2Fwww.w3.org%2F2000%2Fsvg%27%20width%3D%271500%27%20height%3D%271023%27%20viewBox%3D%270%200%201500%201023%27%3E%3Crect%20width%3D%271500%27%20height%3D%271023%27%20fill-opacity%3D%220%22%2F%3E%3C%2Fsvg%3E\" data-srcset=\"https:\/\/culturefoodblog.de\/wp-content\/uploads\/2016\/07\/bisol-glas-300x205.jpg 300w, https:\/\/culturefoodblog.de\/wp-content\/uploads\/2016\/07\/bisol-glas-600x409.jpg 600w, https:\/\/culturefoodblog.de\/wp-content\/uploads\/2016\/07\/bisol-glas-768x524.jpg 768w, https:\/\/culturefoodblog.de\/wp-content\/uploads\/2016\/07\/bisol-glas-1024x698.jpg 1024w, https:\/\/culturefoodblog.de\/wp-content\/uploads\/2016\/07\/bisol-glas.jpg 1500w\" data-sizes=\"auto\" data-orig-sizes=\"(max-width: 1500px) 100vw, 1500px\" \/><\/a><\/p>\n<p>&nbsp;<\/p>\n<p>Sie sch\u00e4umen alle und sie perlen alle. In Deutschland gelten Sekt, Asti, Frizzante, Secco oder Cava weitestgehend als\u00a0prickelndes Begr\u00fc\u00dfungsgetr\u00e4nk, das g\u00fcnstig, lecker, erfrischend und mixbar sein soll. So unterschiedlich wie die Namen sind auch die Preise. Beim Discounter oder an der Tankstelle kostet eine Flasche Prosecco weniger als zwei Euro. Im Fachhandel klettern die Preise nur selten \u00fcber die 10 Euro Grenze. W\u00e4ssrig, s\u00fc\u00df, grobperlig, banal und mit einem Bukett von saurem Sprudel \u2013 bestenfalls so l\u00e4sst sich die Durchschnittsqualit\u00e4t dieser Perlweine, wie sie im Amtsdeutsch bezeichnet werden, beschreiben. Jedenfalls hat dieses wertlose Partyges\u00f6ff, dessen Grundweine zwischen Ural und Atlantik zusammengekauft werden, nichts mit dem Weingut\u00a0zu tun, das\u00a0ich heute auf Culture Food vorstellen m\u00f6chte:\u00a0<strong>Weingut BISOL, Valdobbiadene<\/strong><\/p>\n<p>Der nachfolgende Text \u00fcber einen h\u00f6chst eleganten und anmutigen Prosecco ist nicht geschrieben, um mit n\u00fcchternem Kopf gelesen zu werden. Er soll getrunken werden. Er ist eine Liebeserkl\u00e4rung, und solch ein Bekenntnis lesen wir nicht gern unter Neonlicht. Wir lauschen ihm am liebsten in lauen Sommern\u00e4chten oder auch im sanften Kerzenlicht vor, zu oder nach einem gelungenem Mahl. Er handelt von einem Getr\u00e4nk; nein, auch das ist zu sachlich: Der Text\u00a0erz\u00e4hlt die Geschichte eines Tranks, den Casanova f\u00fcr den s\u00fc\u00dfen Rausch der Z\u00e4rtlichkeit, f\u00fcr die zauberische Verstrickung der Sinne f\u00fcr unentbehrlich hielt. Winston Churchill soll f\u00fcr ihn sogar bereit gewesen sein, in den Ersten Weltkrieg zu ziehen. Und Bismarck hat angeblich bei einem Essen mit Kaiser Wilhelm II\u00a0auf die Frage, warum er deutschen\u00a0Wein\u00a0nicht anr\u00fchrte, diesem\u00a0entgegnet:<em> &#8222;Bei mir, Majest\u00e4t, macht der Patriotismus kurz vor dem Magen halt.&#8220; <\/em>Es ist \u00fcberliefert, dass Bismarck Champagner bevorzugte.<\/p>\n<p>&nbsp;<\/p>\n<p><a href=\"https:\/\/culturefoodblog.de\/wp-content\/uploads\/2016\/07\/bisol1.jpg\"><img decoding=\"async\" class=\"lazyload alignnone size-full wp-image-3854\" src=\"https:\/\/culturefoodblog.de\/wp-content\/uploads\/2016\/07\/bisol1.jpg\" data-orig-src=\"https:\/\/culturefoodblog.de\/wp-content\/uploads\/2016\/07\/bisol1.jpg\" alt=\"bisol1\" width=\"1500\" height=\"1023\" srcset=\"data:image\/svg+xml,%3Csvg%20xmlns%3D%27http%3A%2F%2Fwww.w3.org%2F2000%2Fsvg%27%20width%3D%271500%27%20height%3D%271023%27%20viewBox%3D%270%200%201500%201023%27%3E%3Crect%20width%3D%271500%27%20height%3D%271023%27%20fill-opacity%3D%220%22%2F%3E%3C%2Fsvg%3E\" data-srcset=\"https:\/\/culturefoodblog.de\/wp-content\/uploads\/2016\/07\/bisol1-300x205.jpg 300w, https:\/\/culturefoodblog.de\/wp-content\/uploads\/2016\/07\/bisol1-600x409.jpg 600w, https:\/\/culturefoodblog.de\/wp-content\/uploads\/2016\/07\/bisol1-768x524.jpg 768w, https:\/\/culturefoodblog.de\/wp-content\/uploads\/2016\/07\/bisol1-1024x698.jpg 1024w, https:\/\/culturefoodblog.de\/wp-content\/uploads\/2016\/07\/bisol1.jpg 1500w\" data-sizes=\"auto\" data-orig-sizes=\"(max-width: 1500px) 100vw, 1500px\" \/><\/a><\/p>\n<p>&nbsp;<\/p>\n<p>Wir befinden uns in den h\u00fcgeligen Ausl\u00e4ufern der italienischen Alpen zwischen Conegliano und Valdobbiadene. Es ist eine etwas schroffe, wild-romantische Landschaft, von der\u00a0man bei gutem Wetter\u00a0eine fantastische Fernsicht auf die gesamte <em>Regione del Veneto<\/em> und die weit gestreckte Poebene hat \u2013 ganz hinten glitzert die Lagune von Venedig in der Mittagssonne. Und hier liegt das &#8222;eigentliche&#8220; Prosecco-Kernland. &#8222;Eigentlich&#8220; deshalb, weil das designierte Prosecco-Gebiet um ein Vielfaches gr\u00f6\u00dfer ist und von Triest bis Padua reicht. 2010 wurde der Prosecco aus Conegliano-Valdobbiadene weinrechtlich aufgewertet und wird seitdem mit dem Zusatz\u00a0Superiore DOCG. verkauft. &#8222;Prosecco di Valdobbiadene DOCG.&#8220; steht auf dem Etikett, was quasi einem vinophilen Ritterschlag gleichkommt.<\/p>\n<p>&nbsp;<\/p>\n<p><a href=\"https:\/\/culturefoodblog.de\/wp-content\/uploads\/2016\/07\/bisol2.jpg\"><img decoding=\"async\" class=\"lazyload alignnone size-full wp-image-3853\" src=\"https:\/\/culturefoodblog.de\/wp-content\/uploads\/2016\/07\/bisol2.jpg\" data-orig-src=\"https:\/\/culturefoodblog.de\/wp-content\/uploads\/2016\/07\/bisol2.jpg\" alt=\"bisol2\" width=\"1500\" height=\"1023\" srcset=\"data:image\/svg+xml,%3Csvg%20xmlns%3D%27http%3A%2F%2Fwww.w3.org%2F2000%2Fsvg%27%20width%3D%271500%27%20height%3D%271023%27%20viewBox%3D%270%200%201500%201023%27%3E%3Crect%20width%3D%271500%27%20height%3D%271023%27%20fill-opacity%3D%220%22%2F%3E%3C%2Fsvg%3E\" data-srcset=\"https:\/\/culturefoodblog.de\/wp-content\/uploads\/2016\/07\/bisol2-300x205.jpg 300w, https:\/\/culturefoodblog.de\/wp-content\/uploads\/2016\/07\/bisol2-600x409.jpg 600w, https:\/\/culturefoodblog.de\/wp-content\/uploads\/2016\/07\/bisol2-768x524.jpg 768w, https:\/\/culturefoodblog.de\/wp-content\/uploads\/2016\/07\/bisol2-1024x698.jpg 1024w, https:\/\/culturefoodblog.de\/wp-content\/uploads\/2016\/07\/bisol2.jpg 1500w\" data-sizes=\"auto\" data-orig-sizes=\"(max-width: 1500px) 100vw, 1500px\" \/><\/a><\/p>\n<p><a href=\"https:\/\/culturefoodblog.de\/wp-content\/uploads\/2016\/07\/etikett.jpg\"><img decoding=\"async\" class=\"lazyload alignnone size-full wp-image-3838\" src=\"https:\/\/culturefoodblog.de\/wp-content\/uploads\/2016\/07\/etikett.jpg\" data-orig-src=\"https:\/\/culturefoodblog.de\/wp-content\/uploads\/2016\/07\/etikett.jpg\" alt=\"etikett\" width=\"1500\" height=\"1023\" srcset=\"data:image\/svg+xml,%3Csvg%20xmlns%3D%27http%3A%2F%2Fwww.w3.org%2F2000%2Fsvg%27%20width%3D%271500%27%20height%3D%271023%27%20viewBox%3D%270%200%201500%201023%27%3E%3Crect%20width%3D%271500%27%20height%3D%271023%27%20fill-opacity%3D%220%22%2F%3E%3C%2Fsvg%3E\" data-srcset=\"https:\/\/culturefoodblog.de\/wp-content\/uploads\/2016\/07\/etikett-300x205.jpg 300w, https:\/\/culturefoodblog.de\/wp-content\/uploads\/2016\/07\/etikett-600x409.jpg 600w, https:\/\/culturefoodblog.de\/wp-content\/uploads\/2016\/07\/etikett-768x524.jpg 768w, https:\/\/culturefoodblog.de\/wp-content\/uploads\/2016\/07\/etikett-1024x698.jpg 1024w, https:\/\/culturefoodblog.de\/wp-content\/uploads\/2016\/07\/etikett.jpg 1500w\" data-sizes=\"auto\" data-orig-sizes=\"(max-width: 1500px) 100vw, 1500px\" \/><\/a><\/p>\n<p>&nbsp;<\/p>\n<p>Das Gebiet des\u00a0<em>Prosecco di Conegliano Valdobbiadene Superiore DOCG<\/em> umfasst heute ca. 6.500 Hektar und ist in 15 Gemeinden unterteilt. Die klimatischen Bedingungen sind f\u00fcr den hier praktizierten Weinbau bestens geeignet: Die Sommer sind nicht zu hei\u00df, die Winter nicht zu streng. Aufgrund der topografischen Gegebenheiten werden die Reben hier, im Gegensatz zu den au\u00dferhalb gelegenen DOC-Provinzen Treviso und Assolo, ausschlie\u00dflich in Hang- oder Steillagen kultiviert. Hier k\u00f6nnen die Trauben nach den oft sehr ergiebigen Regenf\u00e4llen schneller trocknen, da mehr Sonne an die Rebst\u00f6cke kommt, die bis zu 30 Jahre alt sind. Das wiederum verringert die Menge\u00a0des schadhaften Leseguts.<\/p>\n<p>Die Hauptrolle spielt die goldgelbe Glera Traube, die zu mindestens 85 Prozent enthalten sein muss und damit die Grundlage f\u00fcr den Prosecco bildet. Abh\u00e4ngig von den Pr\u00e4ferenzen des Kellermeisters, der jeweiligen (Einzel-)Lage und des Jahrgangs wird diese Hauptrebsorte\u00a0mit geringen Mengen der einheimischen wei\u00dfen Sorten Verdiso, Bianchetta, Perera, Glera Lunga oder mit Chardonnay verschnitten.<\/p>\n<p>&nbsp;<\/p>\n<p><a href=\"https:\/\/culturefoodblog.de\/wp-content\/uploads\/2016\/07\/bisol-flasche.jpg\"><img decoding=\"async\" class=\"lazyload alignnone size-full wp-image-3852\" src=\"https:\/\/culturefoodblog.de\/wp-content\/uploads\/2016\/07\/bisol-flasche.jpg\" data-orig-src=\"https:\/\/culturefoodblog.de\/wp-content\/uploads\/2016\/07\/bisol-flasche.jpg\" alt=\"bisol-flasche\" width=\"1500\" height=\"1023\" srcset=\"data:image\/svg+xml,%3Csvg%20xmlns%3D%27http%3A%2F%2Fwww.w3.org%2F2000%2Fsvg%27%20width%3D%271500%27%20height%3D%271023%27%20viewBox%3D%270%200%201500%201023%27%3E%3Crect%20width%3D%271500%27%20height%3D%271023%27%20fill-opacity%3D%220%22%2F%3E%3C%2Fsvg%3E\" data-srcset=\"https:\/\/culturefoodblog.de\/wp-content\/uploads\/2016\/07\/bisol-flasche-300x205.jpg 300w, https:\/\/culturefoodblog.de\/wp-content\/uploads\/2016\/07\/bisol-flasche-600x409.jpg 600w, https:\/\/culturefoodblog.de\/wp-content\/uploads\/2016\/07\/bisol-flasche-768x524.jpg 768w, https:\/\/culturefoodblog.de\/wp-content\/uploads\/2016\/07\/bisol-flasche-1024x698.jpg 1024w, https:\/\/culturefoodblog.de\/wp-content\/uploads\/2016\/07\/bisol-flasche.jpg 1500w\" data-sizes=\"auto\" data-orig-sizes=\"(max-width: 1500px) 100vw, 1500px\" \/><\/a><\/p>\n<p>&nbsp;<\/p>\n<p>Die Trauben werden von Hand gelesen, wobei die Erntemenge f\u00fcr DOCG-Prosecco auf 13.500 kg pro ha begrenzt ist.\u00a0Anschlie\u00dfend wird das Lesegut schonend gepresst: Aus 100 kg Trauben gewinnt man maximal 70 l Most.<\/p>\n<p>Im Gegensatz zu Champagner, Cr\u00e9mant oder Winzersekt tendiert Prosecco stets zu etwas mehr S\u00fc\u00dfe, was ihn zu einem idealen Aperitif macht. Die Extra Brut Weine haben zwischen 12 und 20 Gramm Restzucker, w\u00e4hrend die Brut oder Dry Varianten zwischen 20 und 35 Gramm aufweisen.<\/p>\n<p><em>&#8222;Leicht ist\u00a0die Arbeit nicht&#8220;<\/em>, erkl\u00e4rt uns Desiderio\u00a0Bisol, w\u00e4hrend er eine Flasche JEIO Cuv\u00e9e Brut entkorkt.\u00a0<em>&#8222;Man muss\u00a0sich ja nur mal umschauen, dann wei\u00df\u00a0man Bescheid. Eine harte Voralpenlandschaft, steil und schroff. Jede Traube m\u00fcssen wir dem Boden abringen. Aber der Prosecco geh\u00f6rt nun mal hierher wie der Chianti in die Toskana und der Barolo ins Piemont. Das kann\u00a0man riechen! Das kann\u00a0man schmecken! Das Terroir perlt aus jeder Flasche.&#8220;<\/em><\/p>\n<p>&nbsp;<\/p>\n<div id=\"attachment_3851\" style=\"width: 1510px\" class=\"wp-caption alignnone\"><a href=\"https:\/\/culturefoodblog.de\/wp-content\/uploads\/2016\/07\/bisol4.jpg\"><img decoding=\"async\" aria-describedby=\"caption-attachment-3851\" class=\"lazyload wp-image-3851 size-full\" src=\"https:\/\/culturefoodblog.de\/wp-content\/uploads\/2016\/07\/bisol4.jpg\" data-orig-src=\"https:\/\/culturefoodblog.de\/wp-content\/uploads\/2016\/07\/bisol4.jpg\" alt=\"bisol4\" width=\"1500\" height=\"1023\" srcset=\"data:image\/svg+xml,%3Csvg%20xmlns%3D%27http%3A%2F%2Fwww.w3.org%2F2000%2Fsvg%27%20width%3D%271500%27%20height%3D%271023%27%20viewBox%3D%270%200%201500%201023%27%3E%3Crect%20width%3D%271500%27%20height%3D%271023%27%20fill-opacity%3D%220%22%2F%3E%3C%2Fsvg%3E\" data-srcset=\"https:\/\/culturefoodblog.de\/wp-content\/uploads\/2016\/07\/bisol4-300x205.jpg 300w, https:\/\/culturefoodblog.de\/wp-content\/uploads\/2016\/07\/bisol4-600x409.jpg 600w, https:\/\/culturefoodblog.de\/wp-content\/uploads\/2016\/07\/bisol4-768x524.jpg 768w, https:\/\/culturefoodblog.de\/wp-content\/uploads\/2016\/07\/bisol4-1024x698.jpg 1024w, https:\/\/culturefoodblog.de\/wp-content\/uploads\/2016\/07\/bisol4.jpg 1500w\" data-sizes=\"auto\" data-orig-sizes=\"(max-width: 1500px) 100vw, 1500px\" \/><\/a><p id=\"caption-attachment-3851\" class=\"wp-caption-text\">Ein Rundgang durch das Weingut Bisol f\u00fchrt uns durch den historischen Gew\u00f6lbekeller aus dem 17. Jahrhundert<\/p><\/div>\n<p><a href=\"https:\/\/culturefoodblog.de\/wp-content\/uploads\/2016\/07\/bisol_keller1-1.jpg\"><img decoding=\"async\" class=\"lazyload alignnone size-full wp-image-3857\" src=\"https:\/\/culturefoodblog.de\/wp-content\/uploads\/2016\/07\/bisol_keller1-1.jpg\" data-orig-src=\"https:\/\/culturefoodblog.de\/wp-content\/uploads\/2016\/07\/bisol_keller1-1.jpg\" alt=\"bisol_keller1\" width=\"1500\" height=\"1023\" srcset=\"data:image\/svg+xml,%3Csvg%20xmlns%3D%27http%3A%2F%2Fwww.w3.org%2F2000%2Fsvg%27%20width%3D%271500%27%20height%3D%271023%27%20viewBox%3D%270%200%201500%201023%27%3E%3Crect%20width%3D%271500%27%20height%3D%271023%27%20fill-opacity%3D%220%22%2F%3E%3C%2Fsvg%3E\" data-srcset=\"https:\/\/culturefoodblog.de\/wp-content\/uploads\/2016\/07\/bisol_keller1-1-300x205.jpg 300w, https:\/\/culturefoodblog.de\/wp-content\/uploads\/2016\/07\/bisol_keller1-1-600x409.jpg 600w, https:\/\/culturefoodblog.de\/wp-content\/uploads\/2016\/07\/bisol_keller1-1-768x524.jpg 768w, https:\/\/culturefoodblog.de\/wp-content\/uploads\/2016\/07\/bisol_keller1-1-1024x698.jpg 1024w, https:\/\/culturefoodblog.de\/wp-content\/uploads\/2016\/07\/bisol_keller1-1.jpg 1500w\" data-sizes=\"auto\" data-orig-sizes=\"(max-width: 1500px) 100vw, 1500px\" \/><\/a><\/p>\n<div id=\"attachment_3850\" style=\"width: 1510px\" class=\"wp-caption alignnone\"><a href=\"https:\/\/culturefoodblog.de\/wp-content\/uploads\/2016\/07\/bisol3.jpg\"><img decoding=\"async\" aria-describedby=\"caption-attachment-3850\" class=\"lazyload wp-image-3850 size-full\" src=\"https:\/\/culturefoodblog.de\/wp-content\/uploads\/2016\/07\/bisol3.jpg\" data-orig-src=\"https:\/\/culturefoodblog.de\/wp-content\/uploads\/2016\/07\/bisol3.jpg\" alt=\"bisol3\" width=\"1500\" height=\"1023\" srcset=\"data:image\/svg+xml,%3Csvg%20xmlns%3D%27http%3A%2F%2Fwww.w3.org%2F2000%2Fsvg%27%20width%3D%271500%27%20height%3D%271023%27%20viewBox%3D%270%200%201500%201023%27%3E%3Crect%20width%3D%271500%27%20height%3D%271023%27%20fill-opacity%3D%220%22%2F%3E%3C%2Fsvg%3E\" data-srcset=\"https:\/\/culturefoodblog.de\/wp-content\/uploads\/2016\/07\/bisol3-300x205.jpg 300w, https:\/\/culturefoodblog.de\/wp-content\/uploads\/2016\/07\/bisol3-600x409.jpg 600w, https:\/\/culturefoodblog.de\/wp-content\/uploads\/2016\/07\/bisol3-768x524.jpg 768w, https:\/\/culturefoodblog.de\/wp-content\/uploads\/2016\/07\/bisol3-1024x698.jpg 1024w, https:\/\/culturefoodblog.de\/wp-content\/uploads\/2016\/07\/bisol3.jpg 1500w\" data-sizes=\"auto\" data-orig-sizes=\"(max-width: 1500px) 100vw, 1500px\" \/><\/a><p id=\"caption-attachment-3850\" class=\"wp-caption-text\">Der Prosecco g\u00e4rt in Au\u00dfentanks, nicht in der Flasche wie Champagner<\/p><\/div>\n<p>&nbsp;<\/p>\n<p>&nbsp;<\/p>\n<p>Die Familie Bisol betreibt Rebbau seit 1542 und trat zu dieser Zeit als P\u00e4chter der ausgedehnten L\u00e4ndereien der Adelsfamilie Da Pola im Valdobbiadene in Erscheinung. In den kommenden Jahrhunderten gewann das Weingut Bisol an Bedeutung, vor allem durch die unerm\u00fcdlichen Bestrebungen von Eliseo Bisol im 19.Jahrhundert. In den 20er Jahren des 20. Jahrhunderts \u00fcbernahm Eliseos Sohn Desiderio, genannt Jeio, den Betrieb und f\u00fchrte ihn erfolgreich fort. Peu \u00e0 peu wurden die besten Parzellen in Hanglagen gekauft, damit sich die Glera-Rebsorte so gut wie m\u00f6glich entwickeln konnte. Als besonderes Lagenjuwel gilt der Cartizze-H\u00fcgel, der aufgrund seiner sonnenreichen Ausrichtung\u00a0als exklusivster Weinberg in der weltweiten Prosecco-Produktion gehandelt wird. Heute ist Gianluca Bisol Vorstand des Unternehmens, w\u00e4hrend sein Bruder Desiderio Bisol das Amt des Chef-\u00d6nologen und des technischen Leiters inne hat. Sie bewirtschaften 50 Hektar Rebfl\u00e4che, allesamt auf den steilen H\u00fcgeln des Valdobbiadene auf insgesamt 20 Weinberge verteilt. Und wie sollte es anders sein, auch die Nachkommen Jeios verstehen ihr Handwerk: Ob Cru oder &#8222;normaler&#8220; Prosecco &#8211; die Weine von Bisol werden bei internationalen Verkostungen mit Auszeichnungen geradezu \u00fcberh\u00e4uft.<\/p>\n<p>&nbsp;<\/p>\n<div id=\"attachment_3839\" style=\"width: 1510px\" class=\"wp-caption alignnone\"><a href=\"https:\/\/culturefoodblog.de\/wp-content\/uploads\/2016\/07\/bisol_family.jpg\"><img decoding=\"async\" aria-describedby=\"caption-attachment-3839\" class=\"lazyload wp-image-3839 size-full\" src=\"https:\/\/culturefoodblog.de\/wp-content\/uploads\/2016\/07\/bisol_family.jpg\" data-orig-src=\"https:\/\/culturefoodblog.de\/wp-content\/uploads\/2016\/07\/bisol_family.jpg\" alt=\"bisol_family\" width=\"1500\" height=\"1023\" srcset=\"data:image\/svg+xml,%3Csvg%20xmlns%3D%27http%3A%2F%2Fwww.w3.org%2F2000%2Fsvg%27%20width%3D%271500%27%20height%3D%271023%27%20viewBox%3D%270%200%201500%201023%27%3E%3Crect%20width%3D%271500%27%20height%3D%271023%27%20fill-opacity%3D%220%22%2F%3E%3C%2Fsvg%3E\" data-srcset=\"https:\/\/culturefoodblog.de\/wp-content\/uploads\/2016\/07\/bisol_family-300x205.jpg 300w, https:\/\/culturefoodblog.de\/wp-content\/uploads\/2016\/07\/bisol_family-600x409.jpg 600w, https:\/\/culturefoodblog.de\/wp-content\/uploads\/2016\/07\/bisol_family-768x524.jpg 768w, https:\/\/culturefoodblog.de\/wp-content\/uploads\/2016\/07\/bisol_family-1024x698.jpg 1024w, https:\/\/culturefoodblog.de\/wp-content\/uploads\/2016\/07\/bisol_family.jpg 1500w\" data-sizes=\"auto\" data-orig-sizes=\"(max-width: 1500px) 100vw, 1500px\" \/><\/a><p id=\"caption-attachment-3839\" class=\"wp-caption-text\">Die Familie Bisol in ihrem Weinkeller<\/p><\/div>\n<p><a href=\"https:\/\/culturefoodblog.de\/wp-content\/uploads\/2016\/07\/bisol_produktion.jpg\"><img decoding=\"async\" class=\"lazyload alignnone size-full wp-image-3840\" src=\"https:\/\/culturefoodblog.de\/wp-content\/uploads\/2016\/07\/bisol_produktion.jpg\" data-orig-src=\"https:\/\/culturefoodblog.de\/wp-content\/uploads\/2016\/07\/bisol_produktion.jpg\" alt=\"bisol_produktion\" width=\"1500\" height=\"1023\" srcset=\"data:image\/svg+xml,%3Csvg%20xmlns%3D%27http%3A%2F%2Fwww.w3.org%2F2000%2Fsvg%27%20width%3D%271500%27%20height%3D%271023%27%20viewBox%3D%270%200%201500%201023%27%3E%3Crect%20width%3D%271500%27%20height%3D%271023%27%20fill-opacity%3D%220%22%2F%3E%3C%2Fsvg%3E\" data-srcset=\"https:\/\/culturefoodblog.de\/wp-content\/uploads\/2016\/07\/bisol_produktion-300x205.jpg 300w, https:\/\/culturefoodblog.de\/wp-content\/uploads\/2016\/07\/bisol_produktion-600x409.jpg 600w, https:\/\/culturefoodblog.de\/wp-content\/uploads\/2016\/07\/bisol_produktion-768x524.jpg 768w, https:\/\/culturefoodblog.de\/wp-content\/uploads\/2016\/07\/bisol_produktion-1024x698.jpg 1024w, https:\/\/culturefoodblog.de\/wp-content\/uploads\/2016\/07\/bisol_produktion.jpg 1500w\" data-sizes=\"auto\" data-orig-sizes=\"(max-width: 1500px) 100vw, 1500px\" \/><\/a><\/p>\n<p>&nbsp;<\/p>\n<p><a href=\"https:\/\/culturefoodblog.de\/wp-content\/uploads\/2011\/10\/corkfork.jpg\"><img decoding=\"async\" class=\"lazyload size-full wp-image-17 aligncenter\" src=\"data:image\/svg+xml,%3Csvg%20xmlns%3D%27http%3A%2F%2Fwww.w3.org%2F2000%2Fsvg%27%20width%3D%27150%27%20height%3D%2735%27%20viewBox%3D%270%200%20150%2035%27%3E%3Crect%20width%3D%27150%27%20height%3D%2735%27%20fill-opacity%3D%220%22%2F%3E%3C%2Fsvg%3E\" data-orig-src=\"https:\/\/culturefoodblog.de\/wp-content\/uploads\/2011\/10\/corkfork.jpg\" alt=\"corkfork\" width=\"150\" height=\"35\" \/><\/a><\/p>\n<h4>Die Verkostung<\/h4>\n<p>&nbsp;<\/p>\n<p><strong><a href=\"https:\/\/culturefoodblog.de\/wp-content\/uploads\/2016\/07\/bisol-jeio-cuvee-brut.jpg\"><img decoding=\"async\" class=\"lazyload alignnone size-full wp-image-3848\" src=\"https:\/\/culturefoodblog.de\/wp-content\/uploads\/2016\/07\/bisol-jeio-cuvee-brut.jpg\" data-orig-src=\"https:\/\/culturefoodblog.de\/wp-content\/uploads\/2016\/07\/bisol-jeio-cuvee-brut.jpg\" alt=\"bisol-jeio-cuvee-brut\" width=\"1500\" height=\"1023\" srcset=\"data:image\/svg+xml,%3Csvg%20xmlns%3D%27http%3A%2F%2Fwww.w3.org%2F2000%2Fsvg%27%20width%3D%271500%27%20height%3D%271023%27%20viewBox%3D%270%200%201500%201023%27%3E%3Crect%20width%3D%271500%27%20height%3D%271023%27%20fill-opacity%3D%220%22%2F%3E%3C%2Fsvg%3E\" data-srcset=\"https:\/\/culturefoodblog.de\/wp-content\/uploads\/2016\/07\/bisol-jeio-cuvee-brut-300x205.jpg 300w, https:\/\/culturefoodblog.de\/wp-content\/uploads\/2016\/07\/bisol-jeio-cuvee-brut-600x409.jpg 600w, https:\/\/culturefoodblog.de\/wp-content\/uploads\/2016\/07\/bisol-jeio-cuvee-brut-768x524.jpg 768w, https:\/\/culturefoodblog.de\/wp-content\/uploads\/2016\/07\/bisol-jeio-cuvee-brut-1024x698.jpg 1024w, https:\/\/culturefoodblog.de\/wp-content\/uploads\/2016\/07\/bisol-jeio-cuvee-brut.jpg 1500w\" data-sizes=\"auto\" data-orig-sizes=\"(max-width: 1500px) 100vw, 1500px\" \/><\/a><\/strong><\/p>\n<p><strong>JEIO \u2028<\/strong><\/p>\n<p><strong>Cuv\u00e9e Brut<\/strong><br \/>\nGlera &amp; Chardonnay<br \/>\nMit seinem verf\u00fchrerischen Duft nach Pfirischen, Aprikosen und Akazienbl\u00fcten\u00a0sowie seiner absolut unbeschwerten Art ist dieser Prosecco ein Multitalent. Sehr trockener Eindruck durch gut eingebundene S\u00e4ure. Begleitet von einem wunderbar samtigen, feinperligen Mousseux.<\/p>\n<p>&nbsp;<\/p>\n<p><strong><a href=\"https:\/\/culturefoodblog.de\/wp-content\/uploads\/2016\/07\/bisol-jeio-colmei.jpg\"><img decoding=\"async\" class=\"lazyload alignnone size-full wp-image-3847\" src=\"https:\/\/culturefoodblog.de\/wp-content\/uploads\/2016\/07\/bisol-jeio-colmei.jpg\" data-orig-src=\"https:\/\/culturefoodblog.de\/wp-content\/uploads\/2016\/07\/bisol-jeio-colmei.jpg\" alt=\"bisol-jeio-colmei\" width=\"1500\" height=\"1023\" srcset=\"data:image\/svg+xml,%3Csvg%20xmlns%3D%27http%3A%2F%2Fwww.w3.org%2F2000%2Fsvg%27%20width%3D%271500%27%20height%3D%271023%27%20viewBox%3D%270%200%201500%201023%27%3E%3Crect%20width%3D%271500%27%20height%3D%271023%27%20fill-opacity%3D%220%22%2F%3E%3C%2Fsvg%3E\" data-srcset=\"https:\/\/culturefoodblog.de\/wp-content\/uploads\/2016\/07\/bisol-jeio-colmei-300x205.jpg 300w, https:\/\/culturefoodblog.de\/wp-content\/uploads\/2016\/07\/bisol-jeio-colmei-600x409.jpg 600w, https:\/\/culturefoodblog.de\/wp-content\/uploads\/2016\/07\/bisol-jeio-colmei-768x524.jpg 768w, https:\/\/culturefoodblog.de\/wp-content\/uploads\/2016\/07\/bisol-jeio-colmei-1024x698.jpg 1024w, https:\/\/culturefoodblog.de\/wp-content\/uploads\/2016\/07\/bisol-jeio-colmei.jpg 1500w\" data-sizes=\"auto\" data-orig-sizes=\"(max-width: 1500px) 100vw, 1500px\" \/><\/a>JEIO<\/strong><br \/>\n<strong>Colmei <\/strong><br \/>\n<strong>Prosecco di Valdobbiadene D.O.C.G.<\/strong><br \/>\n100% Glera<br \/>\nEin sortentypischer Prosecco der Extraklasse. Feine\u00a0und lebendige Perlage. W\u00fcrzig-frische\u00a0Aromen und viel Fruchtigkeit, dabei leicht s\u00fc\u00dflich aber gut balanciert.<\/p>\n<p>&nbsp;<\/p>\n<p><strong><a href=\"https:\/\/culturefoodblog.de\/wp-content\/uploads\/2016\/07\/bisol-crede-prosecco.jpg\"><img decoding=\"async\" class=\"lazyload alignnone size-full wp-image-3846\" src=\"https:\/\/culturefoodblog.de\/wp-content\/uploads\/2016\/07\/bisol-crede-prosecco.jpg\" data-orig-src=\"https:\/\/culturefoodblog.de\/wp-content\/uploads\/2016\/07\/bisol-crede-prosecco.jpg\" alt=\"bisol-crede-prosecco\" width=\"1500\" height=\"1023\" srcset=\"data:image\/svg+xml,%3Csvg%20xmlns%3D%27http%3A%2F%2Fwww.w3.org%2F2000%2Fsvg%27%20width%3D%271500%27%20height%3D%271023%27%20viewBox%3D%270%200%201500%201023%27%3E%3Crect%20width%3D%271500%27%20height%3D%271023%27%20fill-opacity%3D%220%22%2F%3E%3C%2Fsvg%3E\" data-srcset=\"https:\/\/culturefoodblog.de\/wp-content\/uploads\/2016\/07\/bisol-crede-prosecco-300x205.jpg 300w, https:\/\/culturefoodblog.de\/wp-content\/uploads\/2016\/07\/bisol-crede-prosecco-600x409.jpg 600w, https:\/\/culturefoodblog.de\/wp-content\/uploads\/2016\/07\/bisol-crede-prosecco-768x524.jpg 768w, https:\/\/culturefoodblog.de\/wp-content\/uploads\/2016\/07\/bisol-crede-prosecco-1024x698.jpg 1024w, https:\/\/culturefoodblog.de\/wp-content\/uploads\/2016\/07\/bisol-crede-prosecco.jpg 1500w\" data-sizes=\"auto\" data-orig-sizes=\"(max-width: 1500px) 100vw, 1500px\" \/><\/a><\/strong><\/p>\n<p><strong>BISOL<\/strong><br \/>\n<strong>\u2028Crede \u2028<\/strong><br \/>\n<strong>Valdobbiadene Prosecco Superiore D.O.C.G. Brut<\/strong><br \/>\n85% Glera, 10% Pinot Bianco, 5% Verdiso<br \/>\nDer Crede stammt ausschlie\u00dflich von optimal ausgerichteten Hanglagen, deren Mischb\u00f6den aus Lehm und maritimem Sandgestein die Reben auch bei Hitze optimal versorgen. Herrlich frischer Duft nach Lilien und Grapefruit. Geschmacklich h\u00e4lt er, was er in der Nase verspricht, und \u00fcberzeugt mit einer zug\u00e4nglichen Fruchtigkeit. Samtige Perlage, geschmeidig und lang anhaltend. Nicht umsonst z\u00e4hlt der meistverkaufte Prosecco des Weinguts auch zu unseren Favoriten.<\/p>\n<p>&nbsp;<\/p>\n<p><strong><a href=\"https:\/\/culturefoodblog.de\/wp-content\/uploads\/2016\/07\/bisol-vigneti-de-fol-prosecco.jpg\"><img decoding=\"async\" class=\"lazyload alignnone size-full wp-image-3845\" src=\"https:\/\/culturefoodblog.de\/wp-content\/uploads\/2016\/07\/bisol-vigneti-de-fol-prosecco.jpg\" data-orig-src=\"https:\/\/culturefoodblog.de\/wp-content\/uploads\/2016\/07\/bisol-vigneti-de-fol-prosecco.jpg\" alt=\"bisol-vigneti-de-fol-prosecco\" width=\"1500\" height=\"1023\" srcset=\"data:image\/svg+xml,%3Csvg%20xmlns%3D%27http%3A%2F%2Fwww.w3.org%2F2000%2Fsvg%27%20width%3D%271500%27%20height%3D%271023%27%20viewBox%3D%270%200%201500%201023%27%3E%3Crect%20width%3D%271500%27%20height%3D%271023%27%20fill-opacity%3D%220%22%2F%3E%3C%2Fsvg%3E\" data-srcset=\"https:\/\/culturefoodblog.de\/wp-content\/uploads\/2016\/07\/bisol-vigneti-de-fol-prosecco-300x205.jpg 300w, https:\/\/culturefoodblog.de\/wp-content\/uploads\/2016\/07\/bisol-vigneti-de-fol-prosecco-600x409.jpg 600w, https:\/\/culturefoodblog.de\/wp-content\/uploads\/2016\/07\/bisol-vigneti-de-fol-prosecco-768x524.jpg 768w, https:\/\/culturefoodblog.de\/wp-content\/uploads\/2016\/07\/bisol-vigneti-de-fol-prosecco-1024x698.jpg 1024w, https:\/\/culturefoodblog.de\/wp-content\/uploads\/2016\/07\/bisol-vigneti-de-fol-prosecco.jpg 1500w\" data-sizes=\"auto\" data-orig-sizes=\"(max-width: 1500px) 100vw, 1500px\" \/><\/a><\/strong><\/p>\n<p><strong>BISOL <\/strong><br \/>\n<strong>Vigneti del Fol\u00a0<\/strong><br \/>\n<strong>Valdobbiadene Prosecco Superiore D.O.C.G. Extra Dry<\/strong><br \/>\n100% Glera<br \/>\nDieser Prosecco stammt aus den Lagen direkt um das Weingut und ist damit das historisch wichtigste Label.\u00a0Im Duft erinnert er an Wildblumen, im Geschmack ist er ausbalanciert, saftig und animierend mit deutlichen Noten von\u00a0\u00c4pfeln, Birnen und Kernobst.<\/p>\n<p>&nbsp;<\/p>\n<p><strong><a href=\"https:\/\/culturefoodblog.de\/wp-content\/uploads\/2016\/07\/bisol-cartizze-superiore-prosecco.jpg\"><img decoding=\"async\" class=\"lazyload alignnone size-full wp-image-3844\" src=\"https:\/\/culturefoodblog.de\/wp-content\/uploads\/2016\/07\/bisol-cartizze-superiore-prosecco.jpg\" data-orig-src=\"https:\/\/culturefoodblog.de\/wp-content\/uploads\/2016\/07\/bisol-cartizze-superiore-prosecco.jpg\" alt=\"bisol-cartizze-superiore-prosecco\" width=\"1500\" height=\"1023\" srcset=\"data:image\/svg+xml,%3Csvg%20xmlns%3D%27http%3A%2F%2Fwww.w3.org%2F2000%2Fsvg%27%20width%3D%271500%27%20height%3D%271023%27%20viewBox%3D%270%200%201500%201023%27%3E%3Crect%20width%3D%271500%27%20height%3D%271023%27%20fill-opacity%3D%220%22%2F%3E%3C%2Fsvg%3E\" data-srcset=\"https:\/\/culturefoodblog.de\/wp-content\/uploads\/2016\/07\/bisol-cartizze-superiore-prosecco-300x205.jpg 300w, https:\/\/culturefoodblog.de\/wp-content\/uploads\/2016\/07\/bisol-cartizze-superiore-prosecco-600x409.jpg 600w, https:\/\/culturefoodblog.de\/wp-content\/uploads\/2016\/07\/bisol-cartizze-superiore-prosecco-768x524.jpg 768w, https:\/\/culturefoodblog.de\/wp-content\/uploads\/2016\/07\/bisol-cartizze-superiore-prosecco-1024x698.jpg 1024w, https:\/\/culturefoodblog.de\/wp-content\/uploads\/2016\/07\/bisol-cartizze-superiore-prosecco.jpg 1500w\" data-sizes=\"auto\" data-orig-sizes=\"(max-width: 1500px) 100vw, 1500px\" \/><\/a><\/strong><\/p>\n<p><strong>BISOL <\/strong><br \/>\n<strong>Cartizze<\/strong><br \/>\n<strong>Valdobbiadene Prosecco Superiore die Cartizze D.O.C.G. Dry<\/strong><br \/>\n100% Glera<br \/>\nDie Grande Dame des Weinguts. Diesen halbtrockenen Prosecco genie\u00dft man am besten zum Dessert. Die sonnenverw\u00f6hnte Toplage bringt \u00fcppige Noten von gelben \u00c4pfeln und Birnen. F\u00fcr uns\u00a0der eleganteste Prosecco von Bisol.<\/p>\n<p>&nbsp;<\/p>\n<p><strong><a href=\"https:\/\/culturefoodblog.de\/wp-content\/uploads\/2016\/07\/bisol-private_cartizze_prosecco.jpg\"><img decoding=\"async\" class=\"lazyload alignnone size-full wp-image-3843\" src=\"https:\/\/culturefoodblog.de\/wp-content\/uploads\/2016\/07\/bisol-private_cartizze_prosecco.jpg\" data-orig-src=\"https:\/\/culturefoodblog.de\/wp-content\/uploads\/2016\/07\/bisol-private_cartizze_prosecco.jpg\" alt=\"bisol-private_cartizze_prosecco\" width=\"1500\" height=\"1023\" srcset=\"data:image\/svg+xml,%3Csvg%20xmlns%3D%27http%3A%2F%2Fwww.w3.org%2F2000%2Fsvg%27%20width%3D%271500%27%20height%3D%271023%27%20viewBox%3D%270%200%201500%201023%27%3E%3Crect%20width%3D%271500%27%20height%3D%271023%27%20fill-opacity%3D%220%22%2F%3E%3C%2Fsvg%3E\" data-srcset=\"https:\/\/culturefoodblog.de\/wp-content\/uploads\/2016\/07\/bisol-private_cartizze_prosecco-300x205.jpg 300w, https:\/\/culturefoodblog.de\/wp-content\/uploads\/2016\/07\/bisol-private_cartizze_prosecco-600x409.jpg 600w, https:\/\/culturefoodblog.de\/wp-content\/uploads\/2016\/07\/bisol-private_cartizze_prosecco-768x524.jpg 768w, https:\/\/culturefoodblog.de\/wp-content\/uploads\/2016\/07\/bisol-private_cartizze_prosecco-1024x698.jpg 1024w, https:\/\/culturefoodblog.de\/wp-content\/uploads\/2016\/07\/bisol-private_cartizze_prosecco.jpg 1500w\" data-sizes=\"auto\" data-orig-sizes=\"(max-width: 1500px) 100vw, 1500px\" \/><\/a><\/strong><\/p>\n<p><strong>BISOL <\/strong><br \/>\n<strong>Private Cartizze<\/strong><br \/>\n<strong>Valdobbiadene Prosecco Superiore die Cartizze D.O.C.G.<\/strong><br \/>\n100%\u00a0Glera<br \/>\nTraditionelle Flascheng\u00e4rung im R\u00fcttelpult findet man im Gebiet um Valdobbiadene nur selten. Die\u00a0limitierten\u00a0Flaschen des Bisol Private Cartizze d\u00fcrfen als Inbegriff eines halben Jahrhunderts Forschungs- und Experimentierarbeit angesehen werden. Die 21-monatige Nachreifung in der Flasche ist der wohl interessanteste Weg, die Besonderheiten des Cartizze w\u00fcrdig zur Geltung zu bringen, der in der Prosecco-Qualit\u00e4tspyramide an oberster Stelle steht. Der komplexe Wein (zero dosage) ist sehr elegant, mineralisch, feinfruchtig mit Reifenoten, die (nicht unangenehm) an Petrol erinnern.<\/p>\n<p>Die Produktp\u00e4sse aller Weine von Bisol k\u00f6nnen Sie \u2192 <a href=\"https:\/\/culturefoodblog.de\/en\/downloads\/bisol.pdf\/\" target=\"_blank\">hier als PDF herunterladen<\/a>.<\/p>\n<p>&nbsp;<\/p>\n<p><a href=\"https:\/\/culturefoodblog.de\/wp-content\/uploads\/2011\/10\/corkfork.jpg\"><img decoding=\"async\" class=\"lazyload size-full wp-image-17 aligncenter\" src=\"data:image\/svg+xml,%3Csvg%20xmlns%3D%27http%3A%2F%2Fwww.w3.org%2F2000%2Fsvg%27%20width%3D%27150%27%20height%3D%2735%27%20viewBox%3D%270%200%20150%2035%27%3E%3Crect%20width%3D%27150%27%20height%3D%2735%27%20fill-opacity%3D%220%22%2F%3E%3C%2Fsvg%3E\" data-orig-src=\"https:\/\/culturefoodblog.de\/wp-content\/uploads\/2011\/10\/corkfork.jpg\" alt=\"corkfork\" width=\"150\" height=\"35\" \/><\/a><\/p>\n<p>&nbsp;<\/p>\n<p>Zusammenfassend kann man sagen, dass bei Bisol Prosecchi voller Frische, Eleganz und klassischer Aromen hergestellt werden, die sich \u00e4u\u00dferst gekonnt von der Masse abheben und eine genussvolle Alternative zu Champagner darstellen. Die Familie Bisol kontrolliert den gesamten Herstellungsprozess und setzt kompromisslos auf Selektion und gezielte Ertragsreduzierung. Erzeugt werden j\u00e4hrlich rund\u00a0375.000 Flaschen Prosecco der Marke BISOL, 1,5 Mio\u00a0Flaschen der Marke JEIO sowie 50.000 exklusive Flaschen BISOL Private Cartizze nach dem Champagner-Verfahren.<br \/>\nBeim Abschied frage ich Signore Bisol, ob er in Deutschland denn schon gen\u00fcgend H\u00e4ndler habe, die seinen wunderbaren Prosecco vertreiben. <em>\u201eAch wissen Sie\u201c<\/em>, meint er l\u00e4chelnd <em>\u201ein Deutschland leidet der Prosecco ja noch bis heute unter dem Ruf, eine billige Pl\u00f6rre zu sein. Wir exportieren den Gro\u00dfteil unserer Produktion nach England, in die USA und nach Asien. In diesen L\u00e4ndern ist der Verkauf kein Problem, da die M\u00e4rkte gro\u00dfes Interesse an DOCG-Appellationen zeigen und dar\u00fcber hinaus deutlich mehr qualit\u00e4ts- und weniger schn\u00e4ppchenorientiert sind. Aber falls Sie in Deutschland noch hochwertige Weinh\u00e4ndler oder kundige Weingenie\u00dfer kennen, mit denen Sie uns zusammenbringen k\u00f6nnen, jederzeit gerne.\u201c<\/em><\/p>\n<p>Was ich hiermit herzlich gerne tun m\u00f6chte. Cin Cin! &#x1f37e;<\/p>\n<p>&nbsp;<\/p>\n<p><a href=\"https:\/\/culturefoodblog.de\/wp-content\/uploads\/2016\/07\/bisol_firmenschild.jpg\"><img decoding=\"async\" class=\"lazyload alignnone size-full wp-image-3842\" src=\"https:\/\/culturefoodblog.de\/wp-content\/uploads\/2016\/07\/bisol_firmenschild.jpg\" data-orig-src=\"https:\/\/culturefoodblog.de\/wp-content\/uploads\/2016\/07\/bisol_firmenschild.jpg\" alt=\"bisol_firmenschild\" width=\"1500\" height=\"1023\" srcset=\"data:image\/svg+xml,%3Csvg%20xmlns%3D%27http%3A%2F%2Fwww.w3.org%2F2000%2Fsvg%27%20width%3D%271500%27%20height%3D%271023%27%20viewBox%3D%270%200%201500%201023%27%3E%3Crect%20width%3D%271500%27%20height%3D%271023%27%20fill-opacity%3D%220%22%2F%3E%3C%2Fsvg%3E\" data-srcset=\"https:\/\/culturefoodblog.de\/wp-content\/uploads\/2016\/07\/bisol_firmenschild-300x205.jpg 300w, https:\/\/culturefoodblog.de\/wp-content\/uploads\/2016\/07\/bisol_firmenschild-600x409.jpg 600w, https:\/\/culturefoodblog.de\/wp-content\/uploads\/2016\/07\/bisol_firmenschild-768x524.jpg 768w, https:\/\/culturefoodblog.de\/wp-content\/uploads\/2016\/07\/bisol_firmenschild-1024x698.jpg 1024w, https:\/\/culturefoodblog.de\/wp-content\/uploads\/2016\/07\/bisol_firmenschild.jpg 1500w\" data-sizes=\"auto\" data-orig-sizes=\"(max-width: 1500px) 100vw, 1500px\" \/><\/a><\/p>\n<p><a href=\"http:\/\/bisol.it\/index.php?lang=en\" target=\"_blank\">www.bisol.it<\/a><\/p>\n<p>BISOL<br \/>\nVia Follo, 33<br \/>\n31049 Santo Stefano di Valdobbiadene (TV)<br \/>\nTel +39 0423 900 138<br \/>\ninfo@bisol.it<\/p>\n<p>\u00dcbrigens: Nicht nur als Weinproduzenten, sondern auch als Hoteliers bet\u00e4tigen sich die Bisols. In der Lagune von Venedig entand in den letzten Jahren ein ambitioniertes und sehr gelungenes Konzept aus Weingut &#8211; Hotel &#8211; Gourmetrestaurant, das mit viel Aufwand und Leidenschaft von der Familie und unter der Leitung von Mateu Bisol geleitet wird. \u2192 <a href=\"https:\/\/culturefoodblog.de\/en\/wo-hemingway-enten-jagte\/\" target=\"_blank\">Informationen hier.<\/a><\/p>","protected":false},"excerpt":{"rendered":"<p>Von wegen billige Weinbrause aus dem Supermarktregal: In den schroffen H\u00e4ngen des Treviso produziert die<\/p>","protected":false},"author":1,"featured_media":3856,"comment_status":"open","ping_status":"open","sticky":false,"template":"","format":"standard","meta":{"footnotes":""},"categories":[97],"tags":[133,134,377],"class_list":["post-2753","post","type-post","status-publish","format-standard","has-post-thumbnail","hentry","category-weinnotizen","tag-bisol","tag-bisol-prosecco","tag-prosecco"],"yoast_head":"<!-- This site is optimized with the Yoast SEO plugin v25.4 - https:\/\/yoast.com\/wordpress\/plugins\/seo\/ -->\n<title>Prosecco Bisol aus Valdobbiadene - der feine Unterschied! - Culture Food Blog - Familie, Freunde &amp; Food<\/title>\n<meta name=\"robots\" content=\"index, follow, max-snippet:-1, max-image-preview:large, max-video-preview:-1\" \/>\n<link rel=\"canonical\" href=\"https:\/\/culturefoodblog.de\/en\/prosecco_bisol\/\" \/>\n<meta property=\"og:locale\" content=\"en_GB\" \/>\n<meta property=\"og:type\" content=\"article\" \/>\n<meta property=\"og:title\" content=\"Prosecco Bisol aus Valdobbiadene - der feine Unterschied! - Culture Food Blog - Familie, Freunde &amp; Food\" \/>\n<meta property=\"og:description\" content=\"Von wegen billige Weinbrause aus dem Supermarktregal: In den schroffen H\u00e4ngen des Treviso produziert die\" \/>\n<meta property=\"og:url\" content=\"https:\/\/culturefoodblog.de\/en\/prosecco_bisol\/\" \/>\n<meta property=\"og:site_name\" content=\"Culture Food Blog - Familie, Freunde &amp; Food\" \/>\n<meta property=\"article:publisher\" content=\"https:\/\/www.facebook.com\/culturefoodblog\" \/>\n<meta property=\"article:published_time\" content=\"2016-07-17T17:45:26+00:00\" \/>\n<meta property=\"article:modified_time\" content=\"2016-08-15T12:12:36+00:00\" \/>\n<meta property=\"og:image\" content=\"https:\/\/culturefoodblog.de\/wp-content\/uploads\/2016\/07\/bisol.jpg\" \/>\n\t<meta property=\"og:image:width\" content=\"1500\" \/>\n\t<meta property=\"og:image:height\" content=\"1023\" \/>\n\t<meta property=\"og:image:type\" content=\"image\/jpeg\" \/>\n<meta name=\"author\" content=\"Culture Foodblog\" \/>\n<meta name=\"twitter:card\" content=\"summary_large_image\" \/>\n<meta name=\"twitter:label1\" content=\"Written by\" \/>\n\t<meta name=\"twitter:data1\" content=\"Culture Foodblog\" \/>\n\t<meta name=\"twitter:label2\" content=\"Estimated reading time\" \/>\n\t<meta name=\"twitter:data2\" content=\"8 minutes\" \/>\n<script type=\"application\/ld+json\" class=\"yoast-schema-graph\">{\"@context\":\"https:\/\/schema.org\",\"@graph\":[{\"@type\":\"WebPage\",\"@id\":\"https:\/\/culturefoodblog.de\/prosecco_bisol\/\",\"url\":\"https:\/\/culturefoodblog.de\/prosecco_bisol\/\",\"name\":\"Prosecco Bisol aus Valdobbiadene - der feine Unterschied! - Culture Food Blog - Familie, Freunde &amp; Food\",\"isPartOf\":{\"@id\":\"https:\/\/culturefoodblog.de\/#website\"},\"primaryImageOfPage\":{\"@id\":\"https:\/\/culturefoodblog.de\/prosecco_bisol\/#primaryimage\"},\"image\":{\"@id\":\"https:\/\/culturefoodblog.de\/prosecco_bisol\/#primaryimage\"},\"thumbnailUrl\":\"https:\/\/culturefoodblog.de\/wp-content\/uploads\/2016\/07\/bisol.jpg\",\"datePublished\":\"2016-07-17T17:45:26+00:00\",\"dateModified\":\"2016-08-15T12:12:36+00:00\",\"author\":{\"@id\":\"https:\/\/culturefoodblog.de\/#\/schema\/person\/9110d3d09672230ca0f3ec895f04e4a1\"},\"breadcrumb\":{\"@id\":\"https:\/\/culturefoodblog.de\/prosecco_bisol\/#breadcrumb\"},\"inLanguage\":\"en-GB\",\"potentialAction\":[{\"@type\":\"ReadAction\",\"target\":[\"https:\/\/culturefoodblog.de\/prosecco_bisol\/\"]}]},{\"@type\":\"ImageObject\",\"inLanguage\":\"en-GB\",\"@id\":\"https:\/\/culturefoodblog.de\/prosecco_bisol\/#primaryimage\",\"url\":\"https:\/\/culturefoodblog.de\/wp-content\/uploads\/2016\/07\/bisol.jpg\",\"contentUrl\":\"https:\/\/culturefoodblog.de\/wp-content\/uploads\/2016\/07\/bisol.jpg\",\"width\":1500,\"height\":1023},{\"@type\":\"BreadcrumbList\",\"@id\":\"https:\/\/culturefoodblog.de\/prosecco_bisol\/#breadcrumb\",\"itemListElement\":[{\"@type\":\"ListItem\",\"position\":1,\"name\":\"Startseite\",\"item\":\"https:\/\/culturefoodblog.de\/\"},{\"@type\":\"ListItem\",\"position\":2,\"name\":\"Prosecco Bisol aus Valdobbiadene &#8211; der feine Unterschied!\"}]},{\"@type\":\"WebSite\",\"@id\":\"https:\/\/culturefoodblog.de\/#website\",\"url\":\"https:\/\/culturefoodblog.de\/\",\"name\":\"Culture Food Blog - Familie, Freunde & Food\",\"description\":\"Ein kulinarisches Tagebuch f\u00fcr Genie\u00dfer\",\"potentialAction\":[{\"@type\":\"SearchAction\",\"target\":{\"@type\":\"EntryPoint\",\"urlTemplate\":\"https:\/\/culturefoodblog.de\/?s={search_term_string}\"},\"query-input\":{\"@type\":\"PropertyValueSpecification\",\"valueRequired\":true,\"valueName\":\"search_term_string\"}}],\"inLanguage\":\"en-GB\"},{\"@type\":\"Person\",\"@id\":\"https:\/\/culturefoodblog.de\/#\/schema\/person\/9110d3d09672230ca0f3ec895f04e4a1\",\"name\":\"Culture Foodblog\",\"url\":\"https:\/\/culturefoodblog.de\/en\/author\/culturefood\/\"}]}<\/script>\n<!-- \/ Yoast SEO plugin. -->","yoast_head_json":{"title":"Prosecco Bisol aus Valdobbiadene - der feine Unterschied! - Culture Food Blog - Familie, Freunde &amp; Food","robots":{"index":"index","follow":"follow","max-snippet":"max-snippet:-1","max-image-preview":"max-image-preview:large","max-video-preview":"max-video-preview:-1"},"canonical":"https:\/\/culturefoodblog.de\/en\/prosecco_bisol\/","og_locale":"en_GB","og_type":"article","og_title":"Prosecco Bisol aus Valdobbiadene - der feine Unterschied! - Culture Food Blog - Familie, Freunde &amp; Food","og_description":"Von wegen billige Weinbrause aus dem Supermarktregal: In den schroffen H\u00e4ngen des Treviso produziert die","og_url":"https:\/\/culturefoodblog.de\/en\/prosecco_bisol\/","og_site_name":"Culture Food Blog - Familie, Freunde &amp; Food","article_publisher":"https:\/\/www.facebook.com\/culturefoodblog","article_published_time":"2016-07-17T17:45:26+00:00","article_modified_time":"2016-08-15T12:12:36+00:00","og_image":[{"width":1500,"height":1023,"url":"https:\/\/culturefoodblog.de\/wp-content\/uploads\/2016\/07\/bisol.jpg","type":"image\/jpeg"}],"author":"Culture Foodblog","twitter_card":"summary_large_image","twitter_misc":{"Written by":"Culture Foodblog","Estimated reading time":"8 minutes"},"schema":{"@context":"https:\/\/schema.org","@graph":[{"@type":"WebPage","@id":"https:\/\/culturefoodblog.de\/prosecco_bisol\/","url":"https:\/\/culturefoodblog.de\/prosecco_bisol\/","name":"Prosecco Bisol aus Valdobbiadene - der feine Unterschied! - Culture Food Blog - Familie, Freunde &amp; Food","isPartOf":{"@id":"https:\/\/culturefoodblog.de\/#website"},"primaryImageOfPage":{"@id":"https:\/\/culturefoodblog.de\/prosecco_bisol\/#primaryimage"},"image":{"@id":"https:\/\/culturefoodblog.de\/prosecco_bisol\/#primaryimage"},"thumbnailUrl":"https:\/\/culturefoodblog.de\/wp-content\/uploads\/2016\/07\/bisol.jpg","datePublished":"2016-07-17T17:45:26+00:00","dateModified":"2016-08-15T12:12:36+00:00","author":{"@id":"https:\/\/culturefoodblog.de\/#\/schema\/person\/9110d3d09672230ca0f3ec895f04e4a1"},"breadcrumb":{"@id":"https:\/\/culturefoodblog.de\/prosecco_bisol\/#breadcrumb"},"inLanguage":"en-GB","potentialAction":[{"@type":"ReadAction","target":["https:\/\/culturefoodblog.de\/prosecco_bisol\/"]}]},{"@type":"ImageObject","inLanguage":"en-GB","@id":"https:\/\/culturefoodblog.de\/prosecco_bisol\/#primaryimage","url":"https:\/\/culturefoodblog.de\/wp-content\/uploads\/2016\/07\/bisol.jpg","contentUrl":"https:\/\/culturefoodblog.de\/wp-content\/uploads\/2016\/07\/bisol.jpg","width":1500,"height":1023},{"@type":"BreadcrumbList","@id":"https:\/\/culturefoodblog.de\/prosecco_bisol\/#breadcrumb","itemListElement":[{"@type":"ListItem","position":1,"name":"Startseite","item":"https:\/\/culturefoodblog.de\/"},{"@type":"ListItem","position":2,"name":"Prosecco Bisol aus Valdobbiadene &#8211; der feine Unterschied!"}]},{"@type":"WebSite","@id":"https:\/\/culturefoodblog.de\/#website","url":"https:\/\/culturefoodblog.de\/","name":"Culture Food Blog - Familie, Freunde & Food","description":"Ein kulinarisches Tagebuch f\u00fcr Genie\u00dfer","potentialAction":[{"@type":"SearchAction","target":{"@type":"EntryPoint","urlTemplate":"https:\/\/culturefoodblog.de\/?s={search_term_string}"},"query-input":{"@type":"PropertyValueSpecification","valueRequired":true,"valueName":"search_term_string"}}],"inLanguage":"en-GB"},{"@type":"Person","@id":"https:\/\/culturefoodblog.de\/#\/schema\/person\/9110d3d09672230ca0f3ec895f04e4a1","name":"Culture Foodblog","url":"https:\/\/culturefoodblog.de\/en\/author\/culturefood\/"}]}},"_links":{"self":[{"href":"https:\/\/culturefoodblog.de\/en\/wp-json\/wp\/v2\/posts\/2753","targetHints":{"allow":["GET"]}}],"collection":[{"href":"https:\/\/culturefoodblog.de\/en\/wp-json\/wp\/v2\/posts"}],"about":[{"href":"https:\/\/culturefoodblog.de\/en\/wp-json\/wp\/v2\/types\/post"}],"author":[{"embeddable":true,"href":"https:\/\/culturefoodblog.de\/en\/wp-json\/wp\/v2\/users\/1"}],"replies":[{"embeddable":true,"href":"https:\/\/culturefoodblog.de\/en\/wp-json\/wp\/v2\/comments?post=2753"}],"version-history":[{"count":5,"href":"https:\/\/culturefoodblog.de\/en\/wp-json\/wp\/v2\/posts\/2753\/revisions"}],"predecessor-version":[{"id":3859,"href":"https:\/\/culturefoodblog.de\/en\/wp-json\/wp\/v2\/posts\/2753\/revisions\/3859"}],"wp:featuredmedia":[{"embeddable":true,"href":"https:\/\/culturefoodblog.de\/en\/wp-json\/wp\/v2\/media\/3856"}],"wp:attachment":[{"href":"https:\/\/culturefoodblog.de\/en\/wp-json\/wp\/v2\/media?parent=2753"}],"wp:term":[{"taxonomy":"category","embeddable":true,"href":"https:\/\/culturefoodblog.de\/en\/wp-json\/wp\/v2\/categories?post=2753"},{"taxonomy":"post_tag","embeddable":true,"href":"https:\/\/culturefoodblog.de\/en\/wp-json\/wp\/v2\/tags?post=2753"}],"curies":[{"name":"wp","href":"https:\/\/api.w.org\/{rel}","templated":true}]}}