{"id":2127,"date":"2025-09-01T08:45:11","date_gmt":"2025-09-01T06:45:11","guid":{"rendered":"https:\/\/culturefoodblog.de\/?p=2127"},"modified":"2025-09-03T12:15:35","modified_gmt":"2025-09-03T10:15:35","slug":"helden-des-monats-september","status":"publish","type":"post","link":"https:\/\/culturefoodblog.de\/en\/helden-des-monats-september\/","title":{"rendered":"Helden des Monats September"},"content":{"rendered":"<p><img decoding=\"async\" class=\"lazyload alignnone size-full wp-image-7274\" src=\"https:\/\/culturefoodblog.de\/wp-content\/uploads\/2023\/09\/herbst-pilze.jpg\" data-orig-src=\"https:\/\/culturefoodblog.de\/wp-content\/uploads\/2023\/09\/herbst-pilze.jpg\" alt=\"\" width=\"2000\" height=\"1500\" srcset=\"data:image\/svg+xml,%3Csvg%20xmlns%3D%27http%3A%2F%2Fwww.w3.org%2F2000%2Fsvg%27%20width%3D%272000%27%20height%3D%271500%27%20viewBox%3D%270%200%202000%201500%27%3E%3Crect%20width%3D%272000%27%20height%3D%271500%27%20fill-opacity%3D%220%22%2F%3E%3C%2Fsvg%3E\" data-srcset=\"https:\/\/culturefoodblog.de\/wp-content\/uploads\/2023\/09\/herbst-pilze-300x225.jpg 300w, https:\/\/culturefoodblog.de\/wp-content\/uploads\/2023\/09\/herbst-pilze-600x450.jpg 600w, https:\/\/culturefoodblog.de\/wp-content\/uploads\/2023\/09\/herbst-pilze-768x576.jpg 768w, https:\/\/culturefoodblog.de\/wp-content\/uploads\/2023\/09\/herbst-pilze-800x600.jpg 800w, https:\/\/culturefoodblog.de\/wp-content\/uploads\/2023\/09\/herbst-pilze-1024x768.jpg 1024w, https:\/\/culturefoodblog.de\/wp-content\/uploads\/2023\/09\/herbst-pilze-1536x1152.jpg 1536w, https:\/\/culturefoodblog.de\/wp-content\/uploads\/2023\/09\/herbst-pilze.jpg 2000w\" data-sizes=\"auto\" data-orig-sizes=\"(max-width: 2000px) 100vw, 2000px\" \/><\/p>\n<p><img decoding=\"async\" class=\"lazyload alignnone size-full wp-image-7271\" src=\"https:\/\/culturefoodblog.de\/wp-content\/uploads\/2023\/09\/cf_pilzpfanne.jpg\" data-orig-src=\"https:\/\/culturefoodblog.de\/wp-content\/uploads\/2023\/09\/cf_pilzpfanne.jpg\" alt=\"\" width=\"2000\" height=\"1500\" srcset=\"data:image\/svg+xml,%3Csvg%20xmlns%3D%27http%3A%2F%2Fwww.w3.org%2F2000%2Fsvg%27%20width%3D%272000%27%20height%3D%271500%27%20viewBox%3D%270%200%202000%201500%27%3E%3Crect%20width%3D%272000%27%20height%3D%271500%27%20fill-opacity%3D%220%22%2F%3E%3C%2Fsvg%3E\" data-srcset=\"https:\/\/culturefoodblog.de\/wp-content\/uploads\/2023\/09\/cf_pilzpfanne-300x225.jpg 300w, https:\/\/culturefoodblog.de\/wp-content\/uploads\/2023\/09\/cf_pilzpfanne-600x450.jpg 600w, https:\/\/culturefoodblog.de\/wp-content\/uploads\/2023\/09\/cf_pilzpfanne-768x576.jpg 768w, https:\/\/culturefoodblog.de\/wp-content\/uploads\/2023\/09\/cf_pilzpfanne-800x600.jpg 800w, https:\/\/culturefoodblog.de\/wp-content\/uploads\/2023\/09\/cf_pilzpfanne-1024x768.jpg 1024w, https:\/\/culturefoodblog.de\/wp-content\/uploads\/2023\/09\/cf_pilzpfanne-1536x1152.jpg 1536w, https:\/\/culturefoodblog.de\/wp-content\/uploads\/2023\/09\/cf_pilzpfanne.jpg 2000w\" data-sizes=\"auto\" data-orig-sizes=\"(max-width: 2000px) 100vw, 2000px\" \/><\/p>\n<p>Der September zeigt uns die Sch\u00f6nheit des Loslassens \u2013 nur wo etwas endet, kann Neues beginnen. Wir erleben den \u00dcbergang vom kulinarischen Sp\u00e4tsommer in den meteorologischen Herbst mit einem letzten &#8218;da capo&#8216; der Sommergem\u00fcse, die sich wunderbar zum Grillen eignen. Auch wenn die Abende langsam k\u00fchler werden: Ein letztes Barbecue mit Panzanella oder frischem Ratatouille ist Pflicht.<\/p>\n<p><strong>\u2192\u00a0Jetzt vom Feld<\/strong>: Pfifferlinge, Steinpilze,\u00a0Endiviensalat, K\u00fcrbis, Pastinaken, Steckr\u00fcben, Topinambur, Weintrauben, \u00c4pfel, Birnen, Pflaumen, Zwetschgen, Holunderbeeren<\/p>\n<p><strong>\u2192\u00a0Frisch aus dem Gew\u00e4chshaus:<\/strong>\u00a0braucht man nichts&#8230;<\/p>\n<p><strong>\u2192\u00a0Au\u00dferdem gibt&#8217;s noch:<\/strong> Tomaten,\u00a0Auberginen, Zucchini,\u00a0Rucola.\u00a0Blattsalate,\u00a0Erbsen, Fenchel, Gurken, Karotten, Bohnen, Lauch, Schalotten, Stangensellerie, Pak Choi, Wei\u00dfer Rettich,\u00a0Radieschen, Spinat, Spitzkohl, letzte Himbeeren, Brombeeren, Blaubeeren, Mirabellen, letzte Pfirsiche und Nektarinen<\/p>\n<p>\u2192\u00a0<a href=\"https:\/\/culturefoodblog.de\/en\/category\/rezepte-09-september\/\"><strong>Saisonale Rezepte<\/strong><\/a><a href=\"https:\/\/culturefoodblog.de\/en\/category\/rezepte-09-september\/\">\u00a0f\u00fcr diesen Monat<\/a><\/p>\n<p><a href=\"https:\/\/culturefoodblog.de\/wp-content\/uploads\/2015\/09\/september.jpg\"><img decoding=\"async\" class=\"lazyload alignnone size-full wp-image-2131\" src=\"data:image\/svg+xml,%3Csvg%20xmlns%3D%27http%3A%2F%2Fwww.w3.org%2F2000%2Fsvg%27%20width%3D%27578%27%20height%3D%27394%27%20viewBox%3D%270%200%20578%20394%27%3E%3Crect%20width%3D%27578%27%20height%3D%27394%27%20fill-opacity%3D%220%22%2F%3E%3C%2Fsvg%3E\" data-orig-src=\"https:\/\/culturefoodblog.de\/wp-content\/uploads\/2015\/09\/september.jpg\" alt=\"september\" width=\"578\" height=\"394\" \/><\/a><\/p>","protected":false},"excerpt":{"rendered":"<p>Der September zeigt uns die Sch\u00f6nheit des Loslassens \u2013 nur wo etwas endet, kann Neues<\/p>","protected":false},"author":1,"featured_media":4487,"comment_status":"open","ping_status":"open","sticky":false,"template":"","format":"standard","meta":{"footnotes":""},"categories":[83,110],"tags":[],"class_list":["post-2127","post","type-post","status-publish","format-standard","has-post-thumbnail","hentry","category-saisonkalender","category-rezepte-09-september"],"yoast_head":"<!-- This site is optimized with the Yoast SEO plugin v25.4 - https:\/\/yoast.com\/wordpress\/plugins\/seo\/ -->\n<title>Helden des Monats September - Culture Food Blog - Familie, Freunde &amp; Food<\/title>\n<meta name=\"robots\" content=\"index, follow, max-snippet:-1, max-image-preview:large, max-video-preview:-1\" \/>\n<link rel=\"canonical\" href=\"https:\/\/culturefoodblog.de\/en\/helden-des-monats-september\/\" \/>\n<meta property=\"og:locale\" content=\"en_GB\" \/>\n<meta property=\"og:type\" content=\"article\" \/>\n<meta property=\"og:title\" content=\"Helden des Monats September - Culture Food Blog - Familie, Freunde &amp; Food\" \/>\n<meta property=\"og:description\" content=\"Der September zeigt uns die Sch\u00f6nheit des Loslassens \u2013 nur wo etwas endet, kann Neues\" \/>\n<meta property=\"og:url\" content=\"https:\/\/culturefoodblog.de\/en\/helden-des-monats-september\/\" \/>\n<meta property=\"og:site_name\" content=\"Culture Food Blog - Familie, Freunde &amp; Food\" \/>\n<meta property=\"article:publisher\" content=\"https:\/\/www.facebook.com\/culturefoodblog\" \/>\n<meta property=\"article:published_time\" content=\"2025-09-01T06:45:11+00:00\" \/>\n<meta property=\"article:modified_time\" content=\"2025-09-03T10:15:35+00:00\" \/>\n<meta property=\"og:image\" content=\"https:\/\/culturefoodblog.de\/wp-content\/uploads\/2016\/09\/image.jpeg\" \/>\n\t<meta property=\"og:image:width\" content=\"578\" \/>\n\t<meta property=\"og:image:height\" content=\"394\" \/>\n\t<meta property=\"og:image:type\" content=\"image\/jpeg\" \/>\n<meta name=\"author\" content=\"Culture Foodblog\" \/>\n<meta name=\"twitter:card\" content=\"summary_large_image\" \/>\n<meta name=\"twitter:label1\" content=\"Written by\" \/>\n\t<meta name=\"twitter:data1\" content=\"Culture Foodblog\" \/>\n\t<meta name=\"twitter:label2\" content=\"Estimated reading time\" \/>\n\t<meta name=\"twitter:data2\" content=\"1 minute\" \/>\n<script type=\"application\/ld+json\" class=\"yoast-schema-graph\">{\"@context\":\"https:\/\/schema.org\",\"@graph\":[{\"@type\":\"WebPage\",\"@id\":\"https:\/\/culturefoodblog.de\/helden-des-monats-september\/\",\"url\":\"https:\/\/culturefoodblog.de\/helden-des-monats-september\/\",\"name\":\"Helden des Monats September - Culture Food Blog - Familie, Freunde &amp; Food\",\"isPartOf\":{\"@id\":\"https:\/\/culturefoodblog.de\/#website\"},\"primaryImageOfPage\":{\"@id\":\"https:\/\/culturefoodblog.de\/helden-des-monats-september\/#primaryimage\"},\"image\":{\"@id\":\"https:\/\/culturefoodblog.de\/helden-des-monats-september\/#primaryimage\"},\"thumbnailUrl\":\"https:\/\/culturefoodblog.de\/wp-content\/uploads\/2016\/09\/image.jpeg\",\"datePublished\":\"2025-09-01T06:45:11+00:00\",\"dateModified\":\"2025-09-03T10:15:35+00:00\",\"author\":{\"@id\":\"https:\/\/culturefoodblog.de\/#\/schema\/person\/9110d3d09672230ca0f3ec895f04e4a1\"},\"breadcrumb\":{\"@id\":\"https:\/\/culturefoodblog.de\/helden-des-monats-september\/#breadcrumb\"},\"inLanguage\":\"en-GB\",\"potentialAction\":[{\"@type\":\"ReadAction\",\"target\":[\"https:\/\/culturefoodblog.de\/helden-des-monats-september\/\"]}]},{\"@type\":\"ImageObject\",\"inLanguage\":\"en-GB\",\"@id\":\"https:\/\/culturefoodblog.de\/helden-des-monats-september\/#primaryimage\",\"url\":\"https:\/\/culturefoodblog.de\/wp-content\/uploads\/2016\/09\/image.jpeg\",\"contentUrl\":\"https:\/\/culturefoodblog.de\/wp-content\/uploads\/2016\/09\/image.jpeg\",\"width\":578,\"height\":394},{\"@type\":\"BreadcrumbList\",\"@id\":\"https:\/\/culturefoodblog.de\/helden-des-monats-september\/#breadcrumb\",\"itemListElement\":[{\"@type\":\"ListItem\",\"position\":1,\"name\":\"Startseite\",\"item\":\"https:\/\/culturefoodblog.de\/\"},{\"@type\":\"ListItem\",\"position\":2,\"name\":\"Helden des Monats September\"}]},{\"@type\":\"WebSite\",\"@id\":\"https:\/\/culturefoodblog.de\/#website\",\"url\":\"https:\/\/culturefoodblog.de\/\",\"name\":\"Culture Food Blog - Familie, Freunde & Food\",\"description\":\"Ein kulinarisches Tagebuch f\u00fcr Genie\u00dfer\",\"potentialAction\":[{\"@type\":\"SearchAction\",\"target\":{\"@type\":\"EntryPoint\",\"urlTemplate\":\"https:\/\/culturefoodblog.de\/?s={search_term_string}\"},\"query-input\":{\"@type\":\"PropertyValueSpecification\",\"valueRequired\":true,\"valueName\":\"search_term_string\"}}],\"inLanguage\":\"en-GB\"},{\"@type\":\"Person\",\"@id\":\"https:\/\/culturefoodblog.de\/#\/schema\/person\/9110d3d09672230ca0f3ec895f04e4a1\",\"name\":\"Culture Foodblog\",\"url\":\"https:\/\/culturefoodblog.de\/en\/author\/culturefood\/\"}]}<\/script>\n<!-- \/ Yoast SEO plugin. -->","yoast_head_json":{"title":"Helden des Monats September - Culture Food Blog - Familie, Freunde &amp; Food","robots":{"index":"index","follow":"follow","max-snippet":"max-snippet:-1","max-image-preview":"max-image-preview:large","max-video-preview":"max-video-preview:-1"},"canonical":"https:\/\/culturefoodblog.de\/en\/helden-des-monats-september\/","og_locale":"en_GB","og_type":"article","og_title":"Helden des Monats September - Culture Food Blog - Familie, Freunde &amp; Food","og_description":"Der September zeigt uns die Sch\u00f6nheit des Loslassens \u2013 nur wo etwas endet, kann Neues","og_url":"https:\/\/culturefoodblog.de\/en\/helden-des-monats-september\/","og_site_name":"Culture Food Blog - Familie, Freunde &amp; Food","article_publisher":"https:\/\/www.facebook.com\/culturefoodblog","article_published_time":"2025-09-01T06:45:11+00:00","article_modified_time":"2025-09-03T10:15:35+00:00","og_image":[{"width":578,"height":394,"url":"https:\/\/culturefoodblog.de\/wp-content\/uploads\/2016\/09\/image.jpeg","type":"image\/jpeg"}],"author":"Culture Foodblog","twitter_card":"summary_large_image","twitter_misc":{"Written by":"Culture Foodblog","Estimated reading time":"1 minute"},"schema":{"@context":"https:\/\/schema.org","@graph":[{"@type":"WebPage","@id":"https:\/\/culturefoodblog.de\/helden-des-monats-september\/","url":"https:\/\/culturefoodblog.de\/helden-des-monats-september\/","name":"Helden des Monats September - Culture Food Blog - Familie, Freunde &amp; Food","isPartOf":{"@id":"https:\/\/culturefoodblog.de\/#website"},"primaryImageOfPage":{"@id":"https:\/\/culturefoodblog.de\/helden-des-monats-september\/#primaryimage"},"image":{"@id":"https:\/\/culturefoodblog.de\/helden-des-monats-september\/#primaryimage"},"thumbnailUrl":"https:\/\/culturefoodblog.de\/wp-content\/uploads\/2016\/09\/image.jpeg","datePublished":"2025-09-01T06:45:11+00:00","dateModified":"2025-09-03T10:15:35+00:00","author":{"@id":"https:\/\/culturefoodblog.de\/#\/schema\/person\/9110d3d09672230ca0f3ec895f04e4a1"},"breadcrumb":{"@id":"https:\/\/culturefoodblog.de\/helden-des-monats-september\/#breadcrumb"},"inLanguage":"en-GB","potentialAction":[{"@type":"ReadAction","target":["https:\/\/culturefoodblog.de\/helden-des-monats-september\/"]}]},{"@type":"ImageObject","inLanguage":"en-GB","@id":"https:\/\/culturefoodblog.de\/helden-des-monats-september\/#primaryimage","url":"https:\/\/culturefoodblog.de\/wp-content\/uploads\/2016\/09\/image.jpeg","contentUrl":"https:\/\/culturefoodblog.de\/wp-content\/uploads\/2016\/09\/image.jpeg","width":578,"height":394},{"@type":"BreadcrumbList","@id":"https:\/\/culturefoodblog.de\/helden-des-monats-september\/#breadcrumb","itemListElement":[{"@type":"ListItem","position":1,"name":"Startseite","item":"https:\/\/culturefoodblog.de\/"},{"@type":"ListItem","position":2,"name":"Helden des Monats September"}]},{"@type":"WebSite","@id":"https:\/\/culturefoodblog.de\/#website","url":"https:\/\/culturefoodblog.de\/","name":"Culture Food Blog - Familie, Freunde & Food","description":"Ein kulinarisches Tagebuch f\u00fcr Genie\u00dfer","potentialAction":[{"@type":"SearchAction","target":{"@type":"EntryPoint","urlTemplate":"https:\/\/culturefoodblog.de\/?s={search_term_string}"},"query-input":{"@type":"PropertyValueSpecification","valueRequired":true,"valueName":"search_term_string"}}],"inLanguage":"en-GB"},{"@type":"Person","@id":"https:\/\/culturefoodblog.de\/#\/schema\/person\/9110d3d09672230ca0f3ec895f04e4a1","name":"Culture Foodblog","url":"https:\/\/culturefoodblog.de\/en\/author\/culturefood\/"}]}},"_links":{"self":[{"href":"https:\/\/culturefoodblog.de\/en\/wp-json\/wp\/v2\/posts\/2127","targetHints":{"allow":["GET"]}}],"collection":[{"href":"https:\/\/culturefoodblog.de\/en\/wp-json\/wp\/v2\/posts"}],"about":[{"href":"https:\/\/culturefoodblog.de\/en\/wp-json\/wp\/v2\/types\/post"}],"author":[{"embeddable":true,"href":"https:\/\/culturefoodblog.de\/en\/wp-json\/wp\/v2\/users\/1"}],"replies":[{"embeddable":true,"href":"https:\/\/culturefoodblog.de\/en\/wp-json\/wp\/v2\/comments?post=2127"}],"version-history":[{"count":4,"href":"https:\/\/culturefoodblog.de\/en\/wp-json\/wp\/v2\/posts\/2127\/revisions"}],"predecessor-version":[{"id":7275,"href":"https:\/\/culturefoodblog.de\/en\/wp-json\/wp\/v2\/posts\/2127\/revisions\/7275"}],"wp:featuredmedia":[{"embeddable":true,"href":"https:\/\/culturefoodblog.de\/en\/wp-json\/wp\/v2\/media\/4487"}],"wp:attachment":[{"href":"https:\/\/culturefoodblog.de\/en\/wp-json\/wp\/v2\/media?parent=2127"}],"wp:term":[{"taxonomy":"category","embeddable":true,"href":"https:\/\/culturefoodblog.de\/en\/wp-json\/wp\/v2\/categories?post=2127"},{"taxonomy":"post_tag","embeddable":true,"href":"https:\/\/culturefoodblog.de\/en\/wp-json\/wp\/v2\/tags?post=2127"}],"curies":[{"name":"wp","href":"https:\/\/api.w.org\/{rel}","templated":true}]}}